{"id":21327,"date":"2019-10-19T22:02:26","date_gmt":"2019-10-19T20:02:26","guid":{"rendered":"http:\/\/info.sadowne.pl\/?p=21327"},"modified":"2019-10-19T22:02:26","modified_gmt":"2019-10-19T20:02:26","slug":"w-sadownem-walczyli-karatecy-2","status":"publish","type":"post","link":"https:\/\/info.sadowne.pl\/?p=21327","title":{"rendered":"W Sadownem walczyli karatecy"},"content":{"rendered":"<p><strong><a href=\"http:\/\/info.sadowne.pl\/wp-content\/uploads\/2019\/10\/2019.10.19.2.jpg\" target=\"_blank\" rel=\"noopener noreferrer\"><img loading=\"lazy\" decoding=\"async\" class=\"alignleft wp-image-21328 size-thumbnail\" src=\"http:\/\/info.sadowne.pl\/wp-content\/uploads\/2019\/10\/2019.10.19.2-180x130.jpg\" alt=\"\" width=\"180\" height=\"130\" \/><\/a>W sobot\u0119 19 pa\u017adziernika w Gminnej Hali Sportowej w Sadownem odby\u0142 si\u0119 XI Og\u00f3lnopolski Turniej Karate Kyokushin.<\/strong><!--more--><\/p>\n<p>Ju\u017c po raz drugi Sadowne go\u015bci\u0142o u siebie m\u0142odych karatek\u00f3w. Od przedpo\u0142udnia w sobot\u0119 Gminna Hala Sportowa zamieni\u0142a si\u0119 w aren\u0119 walk w najm\u0142odszych kategoriach karatek\u00f3w. Turniej rozpocz\u0105\u0142 si\u0119 konkurencj\u0105 kata, a nast\u0119pnie odby\u0142y si\u0119 walki eliminacyjne. Po oficjalnym otwarciu Turnieju odby\u0142y si\u0119 walki fina\u0142owe, kt\u00f3re wy\u0142oni\u0142y najlepszych karatek\u00f3w we wszystkich kategoriach. Otrzymali oni z r\u0105k organizator\u00f3w puchary, dyplomy i medale.<\/p>\n<p>Troch\u0119 statystyki w skr\u00f3cie: Organizatorem Turnieju by\u0142 sensei Zbigniew W\u00f3jcicki i Brokowski Klub Karate Kyokushin, kt\u00f3rego sekcja dzia\u0142a r\u00f3wnie\u017c w Sadownem. Has\u0142o Turnieju: sport \u2013edukacja \u2013 wychowanie. Wsp\u00f3\u0142organizatorzy to: Mazowiecki Urz\u0105d Marsza\u0142kowski i Urz\u0105d Gminy w Sadownem, a patronat honorowy sprawowali: Marsza\u0142ek Wojew\u00f3dztwa Mazowieckiego i W\u00f3jt Gminy Sadowne.<\/p>\n<p>W Turnieju wzi\u0119\u0142o udzia\u0142 prawie 100. zawodnik\u00f3w z Klub\u00f3w Karate w miejscowo\u015bciach: Czarna Bia\u0142ostocka, Piaseczno, Pra\u017cm\u00f3w, Brwin\u00f3w, Julian\u00f3w, Pu\u0142tusk, W\u0119gorzewo, Bia\u0142a Podlaska, August\u00f3w, Ciechan\u00f3w, Ostro\u0142\u0119ka, Brok, Ma\u0142kinia G\u00f3rna, \u0141om\u017ca i Sadowne. Szczeg\u00f3\u0142y i wyniki Turnieju ju\u017c wkr\u00f3tce na stronie Organizatora &#8211; <span style=\"color: #0000ff;\"><strong><a style=\"color: #0000ff;\" href=\"http:\/\/www.karate-brok.pl\/\" target=\"_blank\" rel=\"noopener noreferrer\">http:\/\/www.karate-brok.pl<\/a><\/strong><\/span>. A jak to wygl\u0105da\u0142o? Zobaczmy!<\/p>\n<p><strong><span style=\"color: #0000ff;\"><a style=\"color: #0000ff;\" href=\"https:\/\/photos.app.goo.gl\/ErakfygC5PojsvVR9\" target=\"_blank\" rel=\"noopener noreferrer\">Zdj\u0119cia w galerii Google&gt;&gt;&gt;\u00a0\u00a0<\/a>\u00a0<\/span>\u00a0\u00a0\u00a0\u00a0\u00a0\u00a0\u00a0\u00a0\u00a0\u00a0\u00a0\u00a0\u00a0\u00a0\u00a0\u00a0\u00a0\u00a0\u00a0\u00a0\u00a0\u00a0\u00a0\u00a0\u00a0\u00a0\u00a0\u00a0\u00a0\u00a0\u00a0\u00a0\u00a0\u00a0\u00a0\u00a0\u00a0\u00a0\u00a0 <\/strong><\/p>\n<p><span style=\"color: #0000ff;\"><a style=\"color: #0000ff;\" href=\"https:\/\/youtu.be\/rDrwBjBIgl8\" target=\"_blank\" rel=\"noopener noreferrer\"><strong>Zobacz te\u017c film&gt;&gt;&gt;<\/strong><\/a><\/span><\/p>\n<p><strong>Tekst\/foto: <\/strong>S\u0142awek Chyli\u0144ski<\/p>\n","protected":false},"excerpt":{"rendered":"<p>W sobot\u0119 19 pa\u017adziernika w Gminnej Hali Sportowej w Sadownem odby\u0142 si\u0119 XI Og\u00f3lnopolski Turniej Karate Kyokushin.<\/p>\n","protected":false},"author":1,"featured_media":0,"comment_status":"closed","ping_status":"closed","sticky":false,"template":"","format":"standard","meta":{"footnotes":""},"categories":[5,2029,7],"tags":[794,3206,2030],"class_list":["post-21327","post","type-post","status-publish","format-standard","hentry","category-newsy","category-karate","category-sport","tag-brokowski-klub-karate-kyokushinkai","tag-xi-ogolnopolski-turniej-karate-kyokushin-w-sadownem","tag-zbigniew-wojcicki"],"views":2646,"_links":{"self":[{"href":"https:\/\/info.sadowne.pl\/index.php?rest_route=\/wp\/v2\/posts\/21327","targetHints":{"allow":["GET"]}}],"collection":[{"href":"https:\/\/info.sadowne.pl\/index.php?rest_route=\/wp\/v2\/posts"}],"about":[{"href":"https:\/\/info.sadowne.pl\/index.php?rest_route=\/wp\/v2\/types\/post"}],"author":[{"embeddable":true,"href":"https:\/\/info.sadowne.pl\/index.php?rest_route=\/wp\/v2\/users\/1"}],"replies":[{"embeddable":true,"href":"https:\/\/info.sadowne.pl\/index.php?rest_route=%2Fwp%2Fv2%2Fcomments&post=21327"}],"version-history":[{"count":1,"href":"https:\/\/info.sadowne.pl\/index.php?rest_route=\/wp\/v2\/posts\/21327\/revisions"}],"predecessor-version":[{"id":21329,"href":"https:\/\/info.sadowne.pl\/index.php?rest_route=\/wp\/v2\/posts\/21327\/revisions\/21329"}],"wp:attachment":[{"href":"https:\/\/info.sadowne.pl\/index.php?rest_route=%2Fwp%2Fv2%2Fmedia&parent=21327"}],"wp:term":[{"taxonomy":"category","embeddable":true,"href":"https:\/\/info.sadowne.pl\/index.php?rest_route=%2Fwp%2Fv2%2Fcategories&post=21327"},{"taxonomy":"post_tag","embeddable":true,"href":"https:\/\/info.sadowne.pl\/index.php?rest_route=%2Fwp%2Fv2%2Ftags&post=21327"}],"curies":[{"name":"wp","href":"https:\/\/api.w.org\/{rel}","templated":true}]}}