{"id":21346,"date":"2019-10-22T18:15:37","date_gmt":"2019-10-22T16:15:37","guid":{"rendered":"http:\/\/info.sadowne.pl\/?p=21346"},"modified":"2019-10-22T18:20:34","modified_gmt":"2019-10-22T16:20:34","slug":"zwiedzali-najblizsza-okolice","status":"publish","type":"post","link":"https:\/\/info.sadowne.pl\/?p=21346","title":{"rendered":"Zwiedzali najbli\u017csz\u0105 okolic\u0119&#8230;"},"content":{"rendered":"<p><strong><a href=\"http:\/\/info.sadowne.pl\/wp-content\/uploads\/2019\/10\/2019.10.22.1.jpg\" target=\"_blank\" rel=\"noopener noreferrer\"><img loading=\"lazy\" decoding=\"async\" class=\"alignleft wp-image-21347 size-thumbnail\" src=\"http:\/\/info.sadowne.pl\/wp-content\/uploads\/2019\/10\/2019.10.22.1-180x130.jpg\" alt=\"\" width=\"180\" height=\"130\" \/><\/a>17 pa\u017adziernika uczniowie z klas V-VII Szko\u0142y Podstawowej im. Stefana Kardyna\u0142a Wyszy\u0144skiego w Toporze wybrali si\u0119 na kr\u00f3tk\u0105 wycieczk\u0119 autokarow\u0105 do Sadownego.\u00a0<\/strong><!--more--><\/p>\n<p>Oto opis tej wycieczki:<\/p>\n<p><em>Celem tej wyprawy by\u0142o uczczenie 80. rocznicy wybuchu II wojny \u015bwiatowej oraz oddanie czci bohaterom tych wydarze\u0144.<\/em><\/p>\n<p><em>Udali\u015bmy si\u0119 do Muzeum Ziemi Sadowie\u0144skiej, gdzie kustosz, pan Janusz Urbankowski w bardzo przyst\u0119pny i ciekawy spos\u00f3b opowiada\u0142 o miejscach na \u015bwiecie, w kt\u00f3rych \u017co\u0142nierze polscy ws\u0142awili si\u0119 w bitwach, odznaczaj\u0105c si\u0119 wielkim bohaterstwem. W muzeum znajduj\u0105 si\u0119 urny z ziemi\u0105 z miejsc martyrologii Polak\u00f3w. Zobaczyli\u015bmy wiele eksponat\u00f3w zwi\u0105zanych z tym okresem historycznym i poznali\u015bmy\u00a0 ich histori\u0119.<\/em><\/p>\n<p><em><a href=\"http:\/\/info.sadowne.pl\/wp-content\/uploads\/2019\/10\/2019.10.22.2.jpg\" target=\"_blank\" rel=\"noopener noreferrer\"><img loading=\"lazy\" decoding=\"async\" class=\"alignright wp-image-21348 size-medium\" src=\"http:\/\/info.sadowne.pl\/wp-content\/uploads\/2019\/10\/2019.10.22.2-300x225.jpg\" alt=\"\" width=\"300\" height=\"225\" srcset=\"https:\/\/info.sadowne.pl\/wp-content\/uploads\/2019\/10\/2019.10.22.2-300x225.jpg 300w, https:\/\/info.sadowne.pl\/wp-content\/uploads\/2019\/10\/2019.10.22.2-768x576.jpg 768w, https:\/\/info.sadowne.pl\/wp-content\/uploads\/2019\/10\/2019.10.22.2.jpg 792w\" sizes=\"auto, (max-width: 300px) 100vw, 300px\" \/><\/a>Odszukali\u015bmy r\u00f3wnie\u017c w\u0105tek zwi\u0105zany z patronem naszej szko\u0142y Kardyna\u0142em Stefanem Wyszy\u0144skim. Dowiedzieli\u015bmy si\u0119, \u017ce na terenie gminy Sadowne mieszka\u0142 siostrzeniec naszego Patrona.<\/em><\/p>\n<p><em>W ramach wychowania patriotycznego na cmentarzu sadowie\u0144skim uporz\u0105dkowali\u015bmy Gr\u00f3b Nieznanego \u017bo\u0142nierza \u2013 symbol walki za Ojczyzn\u0119. Na p\u0142ycie pomnika z\u0142o\u017cyli\u015bmy wi\u0105zank\u0119 kwiat\u00f3w i zapalili\u015bmy\u00a0 bia\u0142o- czerwone znicze.\u00a0U\u015bwiadomili\u015bmy\u00a0 sobie, \u017ce Ci, z\u0142o\u017ceni w tej mogile, pozostali bezimienni, ale zostawili nam warto\u015b\u0107 bezcenn\u0105, woln\u0105 Polsk\u0119.<\/em><\/p>\n<p><em>We\u017amy sobie\u00a0 do serca, \u017ce &#8222;Kto nie pami\u0119ta o przesz\u0142o\u015bci, jest skazany na to, by si\u0119 powt\u00f3rzy\u0142a\u2019\u2019.<\/em><\/p>\n<p><em>By\u0142a to niepowtarzalna lekcja historii.<\/em><\/p>\n<p><strong><em>Autor: <\/em><\/strong><em>M. Dawidowska<\/em><\/p>\n<p><strong>Brawa dla naszych m\u0142odych s\u0105siad\u00f3w ze Szko\u0142y Podstawowej w Toporze. W imieniu bezimiennych bohater\u00f3w dzi\u0119ki za pami\u0119\u0107 i ten, jak\u017ce wymowny, gest. Inni mog\u0105 si\u0119 od Was uczy\u0107!<\/strong><\/p>\n<p><strong>Zdj\u0119cia na stronie <span style=\"color: #0000ff;\"><a style=\"color: #0000ff;\" href=\"https:\/\/sptopor.szkolnastrona.pl\/a,364,wycieczka\" target=\"_blank\" rel=\"noopener noreferrer\">https:\/\/sptopor.szkolnastrona.pl\/a,364,wycieczka<\/a><\/span><\/strong><strong>\u00a0<\/strong><\/p>\n<p><strong>\u0179r\u00f3d\u0142o\/foto:<\/strong> <a href=\"http:\/\/www.sptopor.szkolnastrona.pl\" target=\"_blank\" rel=\"noopener noreferrer\">www.sptopor.szkolnastrona.pl<\/a><\/p>\n","protected":false},"excerpt":{"rendered":"<p>17 pa\u017adziernika uczniowie z klas V-VII Szko\u0142y Podstawowej im. Stefana Kardyna\u0142a Wyszy\u0144skiego w Toporze wybrali si\u0119 na kr\u00f3tk\u0105 wycieczk\u0119 autokarow\u0105 do Sadownego.\u00a0<\/p>\n","protected":false},"author":1,"featured_media":0,"comment_status":"closed","ping_status":"closed","sticky":false,"template":"","format":"standard","meta":{"footnotes":""},"categories":[5,1,2495],"tags":[3234,79,3233],"class_list":["post-21346","post","type-post","status-publish","format-standard","hentry","category-newsy","category-inne","category-nasi-sasiedzi","tag-mariola-dawidowska","tag-muzeum-ziemi-sadowienskiej","tag-szkola-podstawowa-w-toporze"],"views":2919,"_links":{"self":[{"href":"https:\/\/info.sadowne.pl\/index.php?rest_route=\/wp\/v2\/posts\/21346","targetHints":{"allow":["GET"]}}],"collection":[{"href":"https:\/\/info.sadowne.pl\/index.php?rest_route=\/wp\/v2\/posts"}],"about":[{"href":"https:\/\/info.sadowne.pl\/index.php?rest_route=\/wp\/v2\/types\/post"}],"author":[{"embeddable":true,"href":"https:\/\/info.sadowne.pl\/index.php?rest_route=\/wp\/v2\/users\/1"}],"replies":[{"embeddable":true,"href":"https:\/\/info.sadowne.pl\/index.php?rest_route=%2Fwp%2Fv2%2Fcomments&post=21346"}],"version-history":[{"count":3,"href":"https:\/\/info.sadowne.pl\/index.php?rest_route=\/wp\/v2\/posts\/21346\/revisions"}],"predecessor-version":[{"id":21351,"href":"https:\/\/info.sadowne.pl\/index.php?rest_route=\/wp\/v2\/posts\/21346\/revisions\/21351"}],"wp:attachment":[{"href":"https:\/\/info.sadowne.pl\/index.php?rest_route=%2Fwp%2Fv2%2Fmedia&parent=21346"}],"wp:term":[{"taxonomy":"category","embeddable":true,"href":"https:\/\/info.sadowne.pl\/index.php?rest_route=%2Fwp%2Fv2%2Fcategories&post=21346"},{"taxonomy":"post_tag","embeddable":true,"href":"https:\/\/info.sadowne.pl\/index.php?rest_route=%2Fwp%2Fv2%2Ftags&post=21346"}],"curies":[{"name":"wp","href":"https:\/\/api.w.org\/{rel}","templated":true}]}}