{"id":21356,"date":"2019-10-24T19:29:55","date_gmt":"2019-10-24T17:29:55","guid":{"rendered":"http:\/\/info.sadowne.pl\/?p=21356"},"modified":"2019-10-24T19:29:55","modified_gmt":"2019-10-24T17:29:55","slug":"jeszcze-raz-o","status":"publish","type":"post","link":"https:\/\/info.sadowne.pl\/?p=21356","title":{"rendered":"Jeszcze raz o\u2026"},"content":{"rendered":"<p><strong><a href=\"http:\/\/info.sadowne.pl\/wp-content\/uploads\/2019\/10\/2019.10.24.1.jpg\" target=\"_blank\" rel=\"noopener noreferrer\"><img loading=\"lazy\" decoding=\"async\" class=\"alignleft wp-image-21357 size-thumbnail\" src=\"http:\/\/info.sadowne.pl\/wp-content\/uploads\/2019\/10\/2019.10.24.1-180x130.jpg\" alt=\"\" width=\"180\" height=\"130\" \/><\/a>XI Og\u00f3lnopolskim Turnieju Karate Kyokushin.<\/strong><!--more--><\/p>\n<p>W dniu 19 pa\u017adziernika 2019 r. w gminnej sali w Sadownem odby\u0142 si\u0119 XI Og\u00f3lnopolski turniej Karate Kyokushin dla dzieci i m\u0142odzie\u017cy.<\/p>\n<p>Przedsi\u0119wzi\u0119cie wsp\u00f3\u0142finansowane ze \u015brodk\u00f3w Urz\u0119du Marsza\u0142kowskiego Wojew\u00f3dztwa Mazowieckiego. Patronat honorowy nad sportowym wydarzenie obj\u0105\u0142 Marsza\u0142ek Wojew\u00f3dztwa Mazowieckiego Pan Adam Struzik oraz W\u00f3jt Gminy Sadowne pan Waldemar Cyran. Turniej karate zorganizowany przez Brokowski Klub Karate Kyokushinkai adresowany by\u0142 do dzieci i m\u0142odzie\u017cy trenuj\u0105cych karate kyokushin na terenie kraju. Najm\u0142odsi wojownicy mieli osiem lat, a najstarsi pi\u0119tna\u015bcie. Zawodnicy rywalizowali w trzech konkurencjach tj. kata (uk\u0142ad technik), walk re\u017cyserowanych oraz kumite (walka) zar\u00f3wno w formule lekki kontakt jak i semi kontakt.<\/p>\n<p>Wszystkie walki turniejowe odbywa\u0142y si\u0119 z podzia\u0142em na kategorie wiekowe i wagowe. Walki fina\u0142owe zosta\u0142y przeprowadzone przy wykorzystaniu efekt\u00f3w \u015bwietlnych<br \/>\ni d\u017awi\u0119kowych jak na prawdziwej gali sport\u00f3w walki. Zwyci\u0119zcy poszczeg\u00f3lnych kategorii oraz zawodnicy zajmuj\u0105cy drugie i trzecie miejsca zostali udekorowani tematycznymi pucharami, medalami i dyplomami.<br \/>\nTurniej Karate w Sadownem w\u015br\u00f3d wielu sympatyk\u00f3w sportu, rodzic\u00f3w, trener\u00f3w oraz licznie zgromadzonej publiczno\u015bci zosta\u0142 okrzykni\u0119ty wspania\u0142ym i wyj\u0105tkowym wydarzeniem sportowym.<\/p>\n<p>W turnieju zorganizowanym przez Brokowski Klub Karate Kyokushinkai wzi\u0119\u0142o udzia\u0142 102 zawodnik\u00f3w z 12 klub\u00f3w z Polski.<br \/>\nS\u0119dzi\u0105 g\u0142\u00f3wnym zawod\u00f3w by\u0142 Sensei Wies\u0142aw Orzo\u0142 z Ostro\u0142\u0119ki.<\/p>\n<p><strong>Zbigniew W\u00f3jcicki<\/strong><\/p>\n<p><span style=\"color: #0000ff;\"><a style=\"color: #0000ff;\" href=\"https:\/\/photos.app.goo.gl\/QFh29wQo17EQpGgr9\" target=\"_blank\" rel=\"noopener noreferrer\"><strong>Zdj\u0119cia w galerii Google&gt;&gt;&gt;<\/strong><\/a><\/span><\/p>\n","protected":false},"excerpt":{"rendered":"<p>XI Og\u00f3lnopolskim Turnieju Karate Kyokushin.<\/p>\n","protected":false},"author":1,"featured_media":0,"comment_status":"closed","ping_status":"closed","sticky":false,"template":"","format":"standard","meta":{"footnotes":""},"categories":[5,2029,7],"tags":[3206,2030],"class_list":["post-21356","post","type-post","status-publish","format-standard","hentry","category-newsy","category-karate","category-sport","tag-xi-ogolnopolski-turniej-karate-kyokushin-w-sadownem","tag-zbigniew-wojcicki"],"views":2862,"_links":{"self":[{"href":"https:\/\/info.sadowne.pl\/index.php?rest_route=\/wp\/v2\/posts\/21356","targetHints":{"allow":["GET"]}}],"collection":[{"href":"https:\/\/info.sadowne.pl\/index.php?rest_route=\/wp\/v2\/posts"}],"about":[{"href":"https:\/\/info.sadowne.pl\/index.php?rest_route=\/wp\/v2\/types\/post"}],"author":[{"embeddable":true,"href":"https:\/\/info.sadowne.pl\/index.php?rest_route=\/wp\/v2\/users\/1"}],"replies":[{"embeddable":true,"href":"https:\/\/info.sadowne.pl\/index.php?rest_route=%2Fwp%2Fv2%2Fcomments&post=21356"}],"version-history":[{"count":1,"href":"https:\/\/info.sadowne.pl\/index.php?rest_route=\/wp\/v2\/posts\/21356\/revisions"}],"predecessor-version":[{"id":21358,"href":"https:\/\/info.sadowne.pl\/index.php?rest_route=\/wp\/v2\/posts\/21356\/revisions\/21358"}],"wp:attachment":[{"href":"https:\/\/info.sadowne.pl\/index.php?rest_route=%2Fwp%2Fv2%2Fmedia&parent=21356"}],"wp:term":[{"taxonomy":"category","embeddable":true,"href":"https:\/\/info.sadowne.pl\/index.php?rest_route=%2Fwp%2Fv2%2Fcategories&post=21356"},{"taxonomy":"post_tag","embeddable":true,"href":"https:\/\/info.sadowne.pl\/index.php?rest_route=%2Fwp%2Fv2%2Ftags&post=21356"}],"curies":[{"name":"wp","href":"https:\/\/api.w.org\/{rel}","templated":true}]}}