{"id":21411,"date":"2019-11-07T17:03:34","date_gmt":"2019-11-07T16:03:34","guid":{"rendered":"http:\/\/info.sadowne.pl\/?p=21411"},"modified":"2020-10-04T17:09:52","modified_gmt":"2020-10-04T15:09:52","slug":"katastrofa-pod-udrzynem","status":"publish","type":"post","link":"https:\/\/info.sadowne.pl\/?p=21411","title":{"rendered":"KATASTROFA POD UDRZYNEM"},"content":{"rendered":"<p><strong><a href=\"http:\/\/info.sadowne.pl\/wp-content\/uploads\/2019\/11\/Brok17.jpg\" target=\"_blank\" rel=\"noopener noreferrer\"><img loading=\"lazy\" decoding=\"async\" class=\"alignleft wp-image-21412 size-thumbnail\" src=\"http:\/\/info.sadowne.pl\/wp-content\/uploads\/2019\/11\/Brok17-180x130.jpg\" alt=\"\" width=\"180\" height=\"130\" \/><\/a>W \u015brod\u0119, 16 kwietnia 1856 r. za\u0142ogi dw\u00f3ch berlinek, budzi\u0142y si\u0119 ze snu po nocy sp\u0119dzonej przy brzegu Bugu, pod wsi\u0105 Bojany. Panowa\u0142 przejmuj\u0105cy ch\u0142\u00f3d i doskwiera\u0142a wszechobecna wilgo\u0107. <\/strong><!--more--><\/p>\n<p>Niebo mia\u0142o barw\u0119 sin\u0105 niczym w depresyjnych, skandynawskich krymina\u0142ach. Ze wzgl\u0119du na maj\u0105ce wkr\u00f3tce nast\u0105pi\u0107 wydarzenia, warto doda\u0107, \u017ce wszyscy s\u0142odkowodni marynarze sp\u0119dzili poprzedni wiecz\u00f3r niczym \u015bwi\u0119ci m\u0142odziankowie i rozpoczynali kolejny dzie\u0144 pracy bez \u015bladu syndromu dnia wczorajszego.<\/p>\n<p>P\u0142yn\u0119li z po\u0142o\u017conego poni\u017cej Terespola miasteczka Jan\u00f3w, gdzie pocz\u0105tkowo za\u0142adowali ze spichlerzy rz\u0105dowych po 5300 pud\u00f3w pszenicy na ka\u017cdy ze statk\u00f3w. Tej wiosny stan wody na Bugu, tak we W\u0142odawie, Janowie, jak i na ca\u0142ej d\u0142ugo\u015bci tej kapry\u015bnej rzeki by\u0142 ni\u017cszy, ni\u017c to zazwyczaj wczesn\u0105 wiosn\u0105 bywa\u0142o, tote\u017c szyper Gromen Waserman zadecydowa\u0142 o odj\u0119ciu z ka\u017cdej berlinki sporej ilo\u015bci pszenicy.<\/p>\n<p><strong>Wi\u0119cej na stronie <span style=\"color: #0000ff;\"><a style=\"color: #0000ff;\" href=\"http:\/\/madzelan.cba.pl\/katastrofa-pod-udrzynem\/\" target=\"_blank\" rel=\"noopener noreferrer\">http:\/\/madzelan.cba.pl\/katastrofa-pod-udrzynem\/<\/a><\/span><\/strong><\/p>\n","protected":false},"excerpt":{"rendered":"<p>W \u015brod\u0119, 16 kwietnia 1856 r. za\u0142ogi dw\u00f3ch berlinek, budzi\u0142y si\u0119 ze snu po nocy sp\u0119dzonej przy brzegu Bugu, pod wsi\u0105 Bojany. Panowa\u0142 przejmuj\u0105cy ch\u0142\u00f3d i doskwiera\u0142a wszechobecna wilgo\u0107.<\/p>\n","protected":false},"author":1,"featured_media":0,"comment_status":"closed","ping_status":"closed","sticky":false,"template":"","format":"standard","meta":{"footnotes":""},"categories":[5,3436,1973,31],"tags":[101,3004,3240,2956],"class_list":["post-21411","post","type-post","status-publish","format-standard","hentry","category-newsy","category-opowiesci-historie-legendy-brokowskie-i-nie-tylko","category-pisali-o-sadownem","category-historia-gminy","tag-historia-gminy-sadowne","tag-jerzy-madzelan","tag-katastrofa-pod-udrzynem","tag-opowiesci-historie-legendy-brokowskie-i-nie-tylko"],"views":2638,"_links":{"self":[{"href":"https:\/\/info.sadowne.pl\/index.php?rest_route=\/wp\/v2\/posts\/21411","targetHints":{"allow":["GET"]}}],"collection":[{"href":"https:\/\/info.sadowne.pl\/index.php?rest_route=\/wp\/v2\/posts"}],"about":[{"href":"https:\/\/info.sadowne.pl\/index.php?rest_route=\/wp\/v2\/types\/post"}],"author":[{"embeddable":true,"href":"https:\/\/info.sadowne.pl\/index.php?rest_route=\/wp\/v2\/users\/1"}],"replies":[{"embeddable":true,"href":"https:\/\/info.sadowne.pl\/index.php?rest_route=%2Fwp%2Fv2%2Fcomments&post=21411"}],"version-history":[{"count":1,"href":"https:\/\/info.sadowne.pl\/index.php?rest_route=\/wp\/v2\/posts\/21411\/revisions"}],"predecessor-version":[{"id":21413,"href":"https:\/\/info.sadowne.pl\/index.php?rest_route=\/wp\/v2\/posts\/21411\/revisions\/21413"}],"wp:attachment":[{"href":"https:\/\/info.sadowne.pl\/index.php?rest_route=%2Fwp%2Fv2%2Fmedia&parent=21411"}],"wp:term":[{"taxonomy":"category","embeddable":true,"href":"https:\/\/info.sadowne.pl\/index.php?rest_route=%2Fwp%2Fv2%2Fcategories&post=21411"},{"taxonomy":"post_tag","embeddable":true,"href":"https:\/\/info.sadowne.pl\/index.php?rest_route=%2Fwp%2Fv2%2Ftags&post=21411"}],"curies":[{"name":"wp","href":"https:\/\/api.w.org\/{rel}","templated":true}]}}