{"id":21414,"date":"2019-11-08T19:08:17","date_gmt":"2019-11-08T18:08:17","guid":{"rendered":"http:\/\/info.sadowne.pl\/?p=21414"},"modified":"2019-11-08T19:08:17","modified_gmt":"2019-11-08T18:08:17","slug":"planowa-gospodarka","status":"publish","type":"post","link":"https:\/\/info.sadowne.pl\/?p=21414","title":{"rendered":"Planowa gospodarka?"},"content":{"rendered":"<p><strong><a href=\"http:\/\/info.sadowne.pl\/wp-content\/uploads\/2019\/11\/2019.11.08.1.jpg\" target=\"_blank\" rel=\"noopener noreferrer\"><img loading=\"lazy\" decoding=\"async\" class=\"alignleft wp-image-21415 size-thumbnail\" src=\"http:\/\/info.sadowne.pl\/wp-content\/uploads\/2019\/11\/2019.11.08.1-180x130.jpg\" alt=\"\" width=\"180\" height=\"130\" \/><\/a>Kto\u015b powiedzia\u0142, \u017ce nie znam si\u0119 na planowej gospodarce le\u015bnej i nie powinienem si\u0119 na jej temat wypowiada\u0107. <\/strong><!--more--><\/p>\n<p>Mo\u017ce i tak, ale wolno mi chyba powiedzie\u0107, \u017ce ta gospodarka, \u201eplanowa\u201d zreszt\u0105, bardzo\u2026 bardzo\u2026 mi si\u0119 nie podoba. Nie ma ju\u017c lasu wok\u00f3\u0142 parkingu przy \u201ekrzy\u017c\u00f3wkach\u201d w Sadownem.<\/p>\n<p><a href=\"http:\/\/info.sadowne.pl\/wp-content\/uploads\/2019\/11\/2019.11.08.2.jpg\" target=\"_blank\" rel=\"noopener noreferrer\"><img loading=\"lazy\" decoding=\"async\" class=\"alignright wp-image-21416 size-medium\" src=\"http:\/\/info.sadowne.pl\/wp-content\/uploads\/2019\/11\/2019.11.08.2-300x216.jpg\" alt=\"\" width=\"300\" height=\"216\" srcset=\"https:\/\/info.sadowne.pl\/wp-content\/uploads\/2019\/11\/2019.11.08.2-300x216.jpg 300w, https:\/\/info.sadowne.pl\/wp-content\/uploads\/2019\/11\/2019.11.08.2-180x130.jpg 180w, https:\/\/info.sadowne.pl\/wp-content\/uploads\/2019\/11\/2019.11.08.2-768x554.jpg 768w, https:\/\/info.sadowne.pl\/wp-content\/uploads\/2019\/11\/2019.11.08.2.jpg 793w\" sizes=\"auto, (max-width: 300px) 100vw, 300px\" \/><\/a>Blisko, coraz bli\u017cej nas si\u0119ga \u201eplanowa gospodarka le\u015bna\u201d. By\u0107 mo\u017ce nied\u0142ugo dotrze do naszych siedlisk. Nie znam si\u0119 na tym i nie b\u0119d\u0119 wypowiada\u0142 si\u0119 na ten temat, ale chyba zachodz\u0105ce w naszym otoczeniu zmiany mo\u017cna, cho\u0107 kto wie? Ciekawi mnie tylko, ile lat trwa odnawianie takiego lasu, jego zasob\u00f3w i siedlisk zwierz\u0105t?<\/p>\n<p><strong>Tekst\/foto:<\/strong> S\u0142awek Chyli\u0144ski<\/p>\n","protected":false},"excerpt":{"rendered":"<p>Kto\u015b powiedzia\u0142, \u017ce nie znam si\u0119 na planowej gospodarce le\u015bnej i nie powinienem si\u0119 na jej temat wypowiada\u0107.<\/p>\n","protected":false},"author":1,"featured_media":0,"comment_status":"closed","ping_status":"closed","sticky":false,"template":"","format":"standard","meta":{"footnotes":""},"categories":[5,1,2449],"tags":[3241,25,3220],"class_list":["post-21414","post","type-post","status-publish","format-standard","hentry","category-newsy","category-inne","category-mieszkancy-pytaja","tag-planowa-gospodarka-lesna","tag-sadowne","tag-wycinka-drzew-w-okolicach-sadownego"],"views":2696,"_links":{"self":[{"href":"https:\/\/info.sadowne.pl\/index.php?rest_route=\/wp\/v2\/posts\/21414","targetHints":{"allow":["GET"]}}],"collection":[{"href":"https:\/\/info.sadowne.pl\/index.php?rest_route=\/wp\/v2\/posts"}],"about":[{"href":"https:\/\/info.sadowne.pl\/index.php?rest_route=\/wp\/v2\/types\/post"}],"author":[{"embeddable":true,"href":"https:\/\/info.sadowne.pl\/index.php?rest_route=\/wp\/v2\/users\/1"}],"replies":[{"embeddable":true,"href":"https:\/\/info.sadowne.pl\/index.php?rest_route=%2Fwp%2Fv2%2Fcomments&post=21414"}],"version-history":[{"count":1,"href":"https:\/\/info.sadowne.pl\/index.php?rest_route=\/wp\/v2\/posts\/21414\/revisions"}],"predecessor-version":[{"id":21417,"href":"https:\/\/info.sadowne.pl\/index.php?rest_route=\/wp\/v2\/posts\/21414\/revisions\/21417"}],"wp:attachment":[{"href":"https:\/\/info.sadowne.pl\/index.php?rest_route=%2Fwp%2Fv2%2Fmedia&parent=21414"}],"wp:term":[{"taxonomy":"category","embeddable":true,"href":"https:\/\/info.sadowne.pl\/index.php?rest_route=%2Fwp%2Fv2%2Fcategories&post=21414"},{"taxonomy":"post_tag","embeddable":true,"href":"https:\/\/info.sadowne.pl\/index.php?rest_route=%2Fwp%2Fv2%2Ftags&post=21414"}],"curies":[{"name":"wp","href":"https:\/\/api.w.org\/{rel}","templated":true}]}}