{"id":21418,"date":"2019-11-10T13:35:11","date_gmt":"2019-11-10T12:35:11","guid":{"rendered":"http:\/\/info.sadowne.pl\/?p=21418"},"modified":"2019-11-10T13:35:11","modified_gmt":"2019-11-10T12:35:11","slug":"sezon-20192020-rozpoczety","status":"publish","type":"post","link":"https:\/\/info.sadowne.pl\/?p=21418","title":{"rendered":"SEZON 2019\/2020 ROZPOCZ\u0118TY!"},"content":{"rendered":"<p><strong><a href=\"http:\/\/info.sadowne.pl\/wp-content\/uploads\/2019\/11\/2019.11.10.1.jpg\" target=\"_blank\" rel=\"noopener noreferrer\"><img loading=\"lazy\" decoding=\"async\" class=\"alignleft wp-image-21419 size-thumbnail\" src=\"http:\/\/info.sadowne.pl\/wp-content\/uploads\/2019\/11\/2019.11.10.1-180x130.jpg\" alt=\"\" width=\"180\" height=\"130\" \/><\/a>11 pa\u017adziernika odby\u0142y si\u0119 pierwsze zaj\u0119cia teatralne. Ze wzgl\u0119du na du\u017c\u0105 liczb\u0119 os\u00f3b pragn\u0105cych bawi\u0107 si\u0119 w teatr b\u0119dziemy pracowa\u0107 w dw\u00f3ch grupach. <\/strong><!--more--><\/p>\n<p>Serdecznie dzi\u0119kuj\u0119 za dotychczasow\u0105 wsp\u00f3\u0142prac\u0119: Izie Ilczuk, Zuzi i Marysi Gierej, Sarze i Wiktorii Drozd oraz Karolince Rybczy\u0144skiej.<\/p>\n<p>R\u00f3wnie serdecznie witam nowe Aktorki: Milenk\u0119 Gajewsk\u0105 i Wiktori\u0119 Jakubik.<\/p>\n<p>Celem zaj\u0119\u0107 teatralnych jest rozwijanie wra\u017cliwo\u015bci, wyobra\u017ani oraz poczucia estetyki. Przygotowywanie przedstawie\u0144 stwarza mo\u017cliwo\u015b\u0107 aktywnego dzia\u0142ania i prze\u017cywania, a przede wszystkim wsp\u00f3\u0142pracy i tolerancji.<\/p>\n<p>Jak wida\u0107 na zdj\u0119ciach, Aktorzy ch\u0119tnie pracuj\u0105 i \u015bwietnie bawi\u0105 si\u0119 w swoim towarzystwie.<\/p>\n<p><strong>Danuta Chyli\u0144ska<\/strong><\/p>\n<p><span style=\"color: #0000ff;\"><a style=\"color: #0000ff;\" href=\"https:\/\/photos.app.goo.gl\/rPbW84AWD3g3eatKA\" target=\"_blank\" rel=\"noopener noreferrer\"><strong>Zdj\u0119cia w galerii Google&gt;&gt;&gt;<\/strong><\/a><\/span><\/p>\n","protected":false},"excerpt":{"rendered":"<p>11 pa\u017adziernika odby\u0142y si\u0119 pierwsze zaj\u0119cia teatralne. Ze wzgl\u0119du na du\u017c\u0105 liczb\u0119 os\u00f3b pragn\u0105cych bawi\u0107 si\u0119 w teatr b\u0119dziemy pracowa\u0107 w dw\u00f3ch grupach.<\/p>\n","protected":false},"author":1,"featured_media":0,"comment_status":"closed","ping_status":"closed","sticky":false,"template":"","format":"standard","meta":{"footnotes":""},"categories":[5,91,6],"tags":[169,2931],"class_list":["post-21418","post","type-post","status-publish","format-standard","hentry","category-newsy","category-gminny-osrodek-kultury","category-kultura-rozrywka-edukacja","tag-gminny-osrodek-kultury-w-sadownem","tag-grupa-teatralna-baj"],"views":2516,"_links":{"self":[{"href":"https:\/\/info.sadowne.pl\/index.php?rest_route=\/wp\/v2\/posts\/21418","targetHints":{"allow":["GET"]}}],"collection":[{"href":"https:\/\/info.sadowne.pl\/index.php?rest_route=\/wp\/v2\/posts"}],"about":[{"href":"https:\/\/info.sadowne.pl\/index.php?rest_route=\/wp\/v2\/types\/post"}],"author":[{"embeddable":true,"href":"https:\/\/info.sadowne.pl\/index.php?rest_route=\/wp\/v2\/users\/1"}],"replies":[{"embeddable":true,"href":"https:\/\/info.sadowne.pl\/index.php?rest_route=%2Fwp%2Fv2%2Fcomments&post=21418"}],"version-history":[{"count":1,"href":"https:\/\/info.sadowne.pl\/index.php?rest_route=\/wp\/v2\/posts\/21418\/revisions"}],"predecessor-version":[{"id":21420,"href":"https:\/\/info.sadowne.pl\/index.php?rest_route=\/wp\/v2\/posts\/21418\/revisions\/21420"}],"wp:attachment":[{"href":"https:\/\/info.sadowne.pl\/index.php?rest_route=%2Fwp%2Fv2%2Fmedia&parent=21418"}],"wp:term":[{"taxonomy":"category","embeddable":true,"href":"https:\/\/info.sadowne.pl\/index.php?rest_route=%2Fwp%2Fv2%2Fcategories&post=21418"},{"taxonomy":"post_tag","embeddable":true,"href":"https:\/\/info.sadowne.pl\/index.php?rest_route=%2Fwp%2Fv2%2Ftags&post=21418"}],"curies":[{"name":"wp","href":"https:\/\/api.w.org\/{rel}","templated":true}]}}