{"id":21421,"date":"2019-11-11T20:12:26","date_gmt":"2019-11-11T19:12:26","guid":{"rendered":"http:\/\/info.sadowne.pl\/?p=21421"},"modified":"2019-11-11T20:12:26","modified_gmt":"2019-11-11T19:12:26","slug":"101","status":"publish","type":"post","link":"https:\/\/info.sadowne.pl\/?p=21421","title":{"rendered":"101\u2026"},"content":{"rendered":"<p><strong><a href=\"http:\/\/info.sadowne.pl\/wp-content\/uploads\/2019\/11\/2019.11.11.1.jpg\" target=\"_blank\" rel=\"noopener noreferrer\"><img loading=\"lazy\" decoding=\"async\" class=\"alignleft wp-image-21422 size-thumbnail\" src=\"http:\/\/info.sadowne.pl\/wp-content\/uploads\/2019\/11\/2019.11.11.1-180x130.jpg\" alt=\"\" width=\"180\" height=\"130\" \/><\/a>101. rocznica odzyskania niepodleg\u0142o\u015bci i 101 kilometr\u00f3w biegu dla uczczenia w Sadownem Narodowego \u015awi\u0119ta Niepodleg\u0142o\u015bci.<\/strong><!--more--><\/p>\n<p>Organizatorzy zaplanowali przeprowadzenie podczas tegorocznego Narodowego \u015awi\u0119ta Niepodleg\u0142o\u015bci, po cz\u0119\u015bci oficjalnej uroczysto\u015bci, 101-kilometrowej Sztafety Niepodleg\u0142o\u015bci na sadowie\u0144skim boisku.<\/p>\n<p>Przed planowanym na godz. 17.00 startem sztafety, przy gminnej hali sportowej w Sadownem zebra\u0142y si\u0119 dziesi\u0105tki zainteresowanych uczczeniem na sportowo rocznicy odzyskania przez Polsk\u0119 niepodleg\u0142o\u015bci. W imieniu Organizator\u00f3w powita\u0142 wszystkich Wiceprezes KS \u201eWicher\u201d Sadowne p. Sebastian Kowalczyk i\u2026 ruszy\u0142o sportowe bieganie. Na pocz\u0105tek wsp\u00f3lne, symboliczne k\u00f3\u0142ko wok\u00f3\u0142 boiska, by po chwili bieg m\u00f3g\u0142 przerodzi\u0107 si\u0119 w sprint zawodnik\u00f3w 8-miu zg\u0142oszonych do sztafety dru\u017cyn: Samorz\u0105dowc\u00f3w, 123 Dru\u017cyny Harcerskiej \u201eW\u0142\u00f3czykije\u201d, OSP Sadowne, O\u015bwiaty, \u201eWichra\u201d Sadowne, Wichrowych dziewczyn, Zuzi i przyjaci\u00f3\u0142 oraz GOK-u i przyjaci\u00f3\u0142.<\/p>\n<p><strong>Ka\u017cda z dru\u017cyn mia\u0142a do pokonania 43 okr\u0105\u017cenia boiska w czasie oko\u0142o jednej godziny.<\/strong> A biegacze? To przekr\u00f3j sadowie\u0144skiej spo\u0142eczno\u015bci. W sztafecie wzi\u0119li udzia\u0142: seniorzy z SKS-u, samorz\u0105dowcy w \u015brednim wieku i m\u0142odzi harcerze, uczestnicy zaj\u0119\u0107 z sadowie\u0144skiego GOK-u, stra\u017cacy w strojach bojowych, nauczyciele, pi\u0142karze, siatkarze i dziewczyny \u201eWichra\u201d z trenerami oraz niezrzeszeni biegacze, a we wsp\u00f3lnym biegu towarzyszy\u0142 im doping licznie zebranych kibic\u00f3w i polskie przeboje sprzed lat.<\/p>\n<p><strong>Wsp\u00f3lnymi si\u0142ami biegacze pokonali planowane 101 km, a mo\u017ce i wi\u0119cej.<\/strong> Ka\u017cdy z ponad stu biegaczy otrzyma\u0142 z r\u0105k W\u00f3jta p. Waldemara Cyrana i przedstawicieli Organizator\u00f3w pami\u0105tkowy medal. Wszyscy nabrali si\u0142 przy przygotowanych przez GOK: kawie i kie\u0142baskach z grilla, by wzi\u0105\u0107 nast\u0119pnie czynny udzia\u0142 w prowadzonym przez p. Ma\u0142gorzat\u0119 Koro\u015b \u201epatriotycznym karaoke\u201d.<\/p>\n<p>Trudno by\u0142o si\u0119 rozsta\u0107, bo mimo zmroku i ch\u0142odu atmosfera rado\u015bci z niepodleg\u0142o\u015bci, wolno\u015bci, poczucia wsp\u00f3lnoty i zabawy powstrzymywa\u0142a przed powrotem do domu\u2026<\/p>\n<p><strong>Brawa dla Organizator\u00f3w<\/strong> \u2013 Gminy Sadowne i Gminnego O\u015brodka Kultury w Sadownem \u2013 za przygotowanie tak \u015bwietnej uroczysto\u015bci uczczenia 101. rocznicy odzyskania przez Polsk\u0119 niepodleg\u0142o\u015bci. Brawa r\u00f3wnie\u017c dla mieszka\u0144c\u00f3w, kt\u00f3rzy tak licznie w\u0142\u0105czyli si\u0119 w obchody tej donios\u0142ej rocznicy.<\/p>\n<p><span style=\"color: #0000ff;\"><a style=\"color: #0000ff;\" href=\"https:\/\/photos.app.goo.gl\/37MoBgMH5tDDcCzH9\" target=\"_blank\" rel=\"noopener noreferrer\"><strong>Zdj\u0119cia w galerii Google&gt;&gt;&gt;<\/strong><\/a><\/span><\/p>\n<p><strong>Tekst\/foto:<\/strong> S\u0142awek Chyli\u0144ski<\/p>\n","protected":false},"excerpt":{"rendered":"<p>101. rocznica odzyskania niepodleg\u0142o\u015bci i 101 kilometr\u00f3w biegu dla uczczenia w Sadownem Narodowego \u015awi\u0119ta Niepodleg\u0142o\u015bci.<\/p>\n","protected":false},"author":1,"featured_media":0,"comment_status":"closed","ping_status":"closed","sticky":false,"template":"","format":"standard","meta":{"footnotes":""},"categories":[5,91,6],"tags":[3239,169,3237],"class_list":["post-21421","post","type-post","status-publish","format-standard","hentry","category-newsy","category-gminny-osrodek-kultury","category-kultura-rozrywka-edukacja","tag-101-rocznica-odzyskania-przez-polske-niepodleglosci","tag-gminny-osrodek-kultury-w-sadownem","tag-sztafeta-niepodleglosci-w-sadownem"],"views":2808,"_links":{"self":[{"href":"https:\/\/info.sadowne.pl\/index.php?rest_route=\/wp\/v2\/posts\/21421","targetHints":{"allow":["GET"]}}],"collection":[{"href":"https:\/\/info.sadowne.pl\/index.php?rest_route=\/wp\/v2\/posts"}],"about":[{"href":"https:\/\/info.sadowne.pl\/index.php?rest_route=\/wp\/v2\/types\/post"}],"author":[{"embeddable":true,"href":"https:\/\/info.sadowne.pl\/index.php?rest_route=\/wp\/v2\/users\/1"}],"replies":[{"embeddable":true,"href":"https:\/\/info.sadowne.pl\/index.php?rest_route=%2Fwp%2Fv2%2Fcomments&post=21421"}],"version-history":[{"count":1,"href":"https:\/\/info.sadowne.pl\/index.php?rest_route=\/wp\/v2\/posts\/21421\/revisions"}],"predecessor-version":[{"id":21423,"href":"https:\/\/info.sadowne.pl\/index.php?rest_route=\/wp\/v2\/posts\/21421\/revisions\/21423"}],"wp:attachment":[{"href":"https:\/\/info.sadowne.pl\/index.php?rest_route=%2Fwp%2Fv2%2Fmedia&parent=21421"}],"wp:term":[{"taxonomy":"category","embeddable":true,"href":"https:\/\/info.sadowne.pl\/index.php?rest_route=%2Fwp%2Fv2%2Fcategories&post=21421"},{"taxonomy":"post_tag","embeddable":true,"href":"https:\/\/info.sadowne.pl\/index.php?rest_route=%2Fwp%2Fv2%2Ftags&post=21421"}],"curies":[{"name":"wp","href":"https:\/\/api.w.org\/{rel}","templated":true}]}}