{"id":21424,"date":"2019-11-12T17:15:25","date_gmt":"2019-11-12T16:15:25","guid":{"rendered":"http:\/\/info.sadowne.pl\/?p=21424"},"modified":"2019-11-12T17:15:25","modified_gmt":"2019-11-12T16:15:25","slug":"dla-niepodleglej","status":"publish","type":"post","link":"https:\/\/info.sadowne.pl\/?p=21424","title":{"rendered":"Dla Niepodleg\u0142ej\u2026"},"content":{"rendered":"<p><strong><a href=\"http:\/\/info.sadowne.pl\/wp-content\/uploads\/2019\/11\/2019.11.12.1.jpg\" target=\"_blank\" rel=\"noopener noreferrer\"><img loading=\"lazy\" decoding=\"async\" class=\"alignleft wp-image-21425 size-thumbnail\" src=\"http:\/\/info.sadowne.pl\/wp-content\/uploads\/2019\/11\/2019.11.12.1-180x130.jpg\" alt=\"\" width=\"180\" height=\"130\" \/><\/a>12 listopada w Szkole Podstawowej im. b\u0142. ks. Edwarda Grzyma\u0142y w Sadownem odby\u0142a si\u0119 uroczysta akademia z okazji 101. rocznicy odzyskania przez Polsk\u0119 niepodleg\u0142o\u015bci.<\/strong><!--more--><\/p>\n<p>Na pocz\u0105tku wprowadzenie sztandaru Szko\u0142y, hymn wsp\u00f3lnie od\u015bpiewany i powitanie go\u015bci oraz uczni\u00f3w przez p. Dyrektor Ma\u0142gorzat\u0119 Koro\u015b. Tak rozpocz\u0119\u0142a si\u0119 w sali gimnastycznej sadowie\u0144skiej podstaw\u00f3wki akademia z okazji 101. rocznicy odzyskania przez Polsk\u0119 niepodleg\u0142o\u015bci. O historii rozbior\u00f3w, walce niepodleg\u0142o\u015bciowej Polak\u00f3w i tworzeniu podstaw II Rzeczpospolitej wszyscy mogli si\u0119 dowiedzie\u0107 w zaprezentowanym przez uczni\u00f3w monta\u017cu s\u0142owno-muzycznym. \u201ePoci\u0105g do niepodleg\u0142o\u015bci\u201d powsta\u0142 on pod okiem p. Marioli Konik, a uczniom akompaniowa\u0142 p. Kamil Kie\u0142ek.<\/p>\n<p>W drugiej cz\u0119\u015bci uroczysto\u015bci p. S\u0142awomir Akonom przedstawi\u0142 zebranym prezentacj\u0119 multimedialn\u0105 o \u015b.p. Kazimierzu Stefanowiczu, sadowie\u0144skim aptekarzu, bohaterze okresu II wojny \u015bwiatowej i lat powojennych, kt\u00f3rego na pewno znali osobi\u015bcie starsi mieszka\u0144cy Sadownego i okolic. M\u0142odsi natomiast powinni skojarzy\u0107 posta\u0107, uto\u017csamiaj\u0105c j\u0105 z jedn\u0105 z ulic Sadownego, kt\u00f3rej jest patronem. Prezentacja nosi\u0142a tytu\u0142: \u201eKazimierz Stefanowicz &#8211; 1914-1986. Opowie\u015b\u0107 o szlachetnym cz\u0142owieku\u201d, a po\u015br\u00f3d go\u015bci uroczysto\u015bci obejrzeli j\u0105 przedstawiciele najbli\u017cszej rodziny p. Kazimierza \u2013 pp. Barbara i Stanis\u0142aw Stefanowiczowie.<\/p>\n<p>I w tym miejscu warto zamie\u015bci\u0107 has\u0142o, kt\u00f3re przewodzi\u0142o ca\u0142ej uroczysto\u015bci, a kt\u00f3re oddaje w pe\u0142ni jej charakter: \u201ePrzodkom winni\u015bmy pami\u0119\u0107, Ojczy\u017anie mi\u0142o\u015b\u0107\u2026\u201d.<\/p>\n<p><span style=\"color: #0000ff;\"><a style=\"color: #0000ff;\" href=\"https:\/\/photos.app.goo.gl\/BVh4Up6TUHpaxyTp7\" target=\"_blank\" rel=\"noopener noreferrer\"><strong>Zdj\u0119cia w galerii Google&gt;&gt;&gt;<\/strong><\/a><\/span><\/p>\n<p><strong>Tekst\/foto:<\/strong> S\u0142awek Chyli\u0144ski<\/p>\n","protected":false},"excerpt":{"rendered":"<p>12 listopada w Szkole Podstawowej im. b\u0142. ks. Edwarda Grzyma\u0142y w Sadownem odby\u0142a si\u0119 uroczysta akademia z okazji 101. rocznicy odzyskania przez Polsk\u0119 niepodleg\u0142o\u015bci.<\/p>\n","protected":false},"author":1,"featured_media":0,"comment_status":"closed","ping_status":"closed","sticky":false,"template":"","format":"standard","meta":{"footnotes":""},"categories":[5,1752,84],"tags":[3239,16,3242],"class_list":["post-21424","post","type-post","status-publish","format-standard","hentry","category-newsy","category-edukacja","category-szkola-podstawowa-im-cz-wycecha","tag-101-rocznica-odzyskania-przez-polske-niepodleglosci","tag-szkola-podstawowa-w-sadownem","tag-uroczysta-akademia-w-sp-sadowne"],"views":3388,"_links":{"self":[{"href":"https:\/\/info.sadowne.pl\/index.php?rest_route=\/wp\/v2\/posts\/21424","targetHints":{"allow":["GET"]}}],"collection":[{"href":"https:\/\/info.sadowne.pl\/index.php?rest_route=\/wp\/v2\/posts"}],"about":[{"href":"https:\/\/info.sadowne.pl\/index.php?rest_route=\/wp\/v2\/types\/post"}],"author":[{"embeddable":true,"href":"https:\/\/info.sadowne.pl\/index.php?rest_route=\/wp\/v2\/users\/1"}],"replies":[{"embeddable":true,"href":"https:\/\/info.sadowne.pl\/index.php?rest_route=%2Fwp%2Fv2%2Fcomments&post=21424"}],"version-history":[{"count":1,"href":"https:\/\/info.sadowne.pl\/index.php?rest_route=\/wp\/v2\/posts\/21424\/revisions"}],"predecessor-version":[{"id":21426,"href":"https:\/\/info.sadowne.pl\/index.php?rest_route=\/wp\/v2\/posts\/21424\/revisions\/21426"}],"wp:attachment":[{"href":"https:\/\/info.sadowne.pl\/index.php?rest_route=%2Fwp%2Fv2%2Fmedia&parent=21424"}],"wp:term":[{"taxonomy":"category","embeddable":true,"href":"https:\/\/info.sadowne.pl\/index.php?rest_route=%2Fwp%2Fv2%2Fcategories&post=21424"},{"taxonomy":"post_tag","embeddable":true,"href":"https:\/\/info.sadowne.pl\/index.php?rest_route=%2Fwp%2Fv2%2Ftags&post=21424"}],"curies":[{"name":"wp","href":"https:\/\/api.w.org\/{rel}","templated":true}]}}