{"id":21453,"date":"2019-11-17T16:31:54","date_gmt":"2019-11-17T15:31:54","guid":{"rendered":"http:\/\/info.sadowne.pl\/?p=21453"},"modified":"2019-11-17T16:31:54","modified_gmt":"2019-11-17T15:31:54","slug":"ziele-na-kraterze","status":"publish","type":"post","link":"https:\/\/info.sadowne.pl\/?p=21453","title":{"rendered":"\u201eZiele na kraterze\u201d"},"content":{"rendered":"<p><strong><a href=\"http:\/\/info.sadowne.pl\/wp-content\/uploads\/2019\/11\/2019.11.17.1.jpg\" target=\"_blank\" rel=\"noopener noreferrer\"><img loading=\"lazy\" decoding=\"async\" class=\"alignleft wp-image-21454 size-thumbnail\" src=\"http:\/\/info.sadowne.pl\/wp-content\/uploads\/2019\/11\/2019.11.17.1-180x130.jpg\" alt=\"\" width=\"180\" height=\"130\" \/><\/a>Zesp\u00f3\u0142 Szk\u00f3\u0142 Ponadpodstawowych zaprosi\u0142 mieszka\u0144c\u00f3w Sadownego na wsp\u00f3lne \u015bwi\u0119towanie 101. rocznicy odzyskania przez Polsk\u0119 niepodleg\u0142o\u015bci i w niedziel\u0119 17 listopada w sali gimnastycznej zebra\u0142a si\u0119 liczna publiczno\u015b\u0107.<\/strong><!--more--><\/p>\n<p>Przedstawienie patriotyczne \u201eZiele na kraterze\u201d uczniowie sadowie\u0144skiego Liceum Og\u00f3lnokszta\u0142c\u0105cego im. W. Orkana i Technikum \u017bywienia i Us\u0142ug Gastronomicznych zaprezentowali ju\u017c wcze\u015bniej podczas szkolnych obchod\u00f3w rocznicy odzyskania przez Polsk\u0119 niepodleg\u0142o\u015bci. Jak pisz\u0105 o sobie na facebookowej stronie: w przedstawieniu zawarto wspomnienie pokolenia m\u0142odzie\u017cy walcz\u0105cej w Powstaniu Warszawskim.<\/p>\n<p>W po\u0142udnie 17 listopada przyby\u0142ych mieszka\u0144c\u00f3w Sadownego i go\u015bci powita\u0142 Dyrektor Zespo\u0142u Szk\u00f3\u0142 Ponadpodstawowych w Sadownem p. S\u0142awomir Ryszawa. Nast\u0119pnie m\u0142odzi arty\u015bci w strojach z epoki zaprezentowali spektakl patriotyczny, podczas kt\u00f3rego poprzez wiersze, piosenki oraz taniec oddali cze\u015b\u0107 swoim r\u00f3wie\u015bnikom walcz\u0105cym o niepodleg\u0142o\u015b\u0107 Ojczyzny w okresie II wojny \u015bwiatowej.<\/p>\n<p>Nastr\u00f3j, dawne, nostalgiczne melodie i taniec stworzy\u0142y pi\u0119kne widowisko upami\u0119tniaj\u0105ce r\u00f3wie\u015bnik\u00f3w dzisiejszych, szkolnych artyst\u00f3w, kt\u00f3rzy po\u015bwi\u0119cili swoje \u017cycie w walce o odzyskanie niepodleg\u0142o\u015bci narodu polskiego. Obejrzeli\u015bmy \u015bwietne przedstawienie za spraw\u0105 dobrych: gry aktorskiej, ta\u0144ca, oprawy muzycznej oraz odpowiednio przygotowanej dekoracji. Wszystko to powsta\u0142o pod okiem pedagog\u00f3w, kt\u00f3rzy ze swoimi uczniami przygotowali to widowisko: p. Miros\u0142awy Renik, p. Marty Osman, p. Kamila Kie\u0142ka i ks. Karola Lipczy\u0144skiego. Obejrzyjmy fotorelacj\u0119\u2026<\/p>\n<p><span style=\"color: #0000ff;\"><a style=\"color: #0000ff;\" href=\"https:\/\/photos.app.goo.gl\/FfRhb5Zb2HrSQuPT8\" target=\"_blank\" rel=\"noopener noreferrer\"><strong>Zdj\u0119cia w galerii Google&gt;&gt;&gt;<\/strong><\/a><\/span><\/p>\n<p><strong>Tekst\/foto:<\/strong> S\u0142awek Chyli\u0144ski<\/p>\n","protected":false},"excerpt":{"rendered":"<p>Zesp\u00f3\u0142 Szk\u00f3\u0142 Ponadpodstawowych zaprosi\u0142 mieszka\u0144c\u00f3w Sadownego na wsp\u00f3lne \u015bwi\u0119towanie 101. rocznicy odzyskania przez Polsk\u0119 niepodleg\u0142o\u015bci i w niedziel\u0119 17 listopada w sali gimnastycznej zebra\u0142a si\u0119 liczna publiczno\u015b\u0107.<\/p>\n","protected":false},"author":1,"featured_media":0,"comment_status":"closed","ping_status":"closed","sticky":false,"template":"","format":"standard","meta":{"footnotes":""},"categories":[5,1752,85],"tags":[3239,3244,3197],"class_list":["post-21453","post","type-post","status-publish","format-standard","hentry","category-newsy","category-edukacja","category-zsp","tag-101-rocznica-odzyskania-przez-polske-niepodleglosci","tag-przedstawienie-patriotyczne-ziele-na-kraterze","tag-zespol-szkol-ponadpodstawowych-w-sadownem"],"views":3493,"_links":{"self":[{"href":"https:\/\/info.sadowne.pl\/index.php?rest_route=\/wp\/v2\/posts\/21453","targetHints":{"allow":["GET"]}}],"collection":[{"href":"https:\/\/info.sadowne.pl\/index.php?rest_route=\/wp\/v2\/posts"}],"about":[{"href":"https:\/\/info.sadowne.pl\/index.php?rest_route=\/wp\/v2\/types\/post"}],"author":[{"embeddable":true,"href":"https:\/\/info.sadowne.pl\/index.php?rest_route=\/wp\/v2\/users\/1"}],"replies":[{"embeddable":true,"href":"https:\/\/info.sadowne.pl\/index.php?rest_route=%2Fwp%2Fv2%2Fcomments&post=21453"}],"version-history":[{"count":1,"href":"https:\/\/info.sadowne.pl\/index.php?rest_route=\/wp\/v2\/posts\/21453\/revisions"}],"predecessor-version":[{"id":21455,"href":"https:\/\/info.sadowne.pl\/index.php?rest_route=\/wp\/v2\/posts\/21453\/revisions\/21455"}],"wp:attachment":[{"href":"https:\/\/info.sadowne.pl\/index.php?rest_route=%2Fwp%2Fv2%2Fmedia&parent=21453"}],"wp:term":[{"taxonomy":"category","embeddable":true,"href":"https:\/\/info.sadowne.pl\/index.php?rest_route=%2Fwp%2Fv2%2Fcategories&post=21453"},{"taxonomy":"post_tag","embeddable":true,"href":"https:\/\/info.sadowne.pl\/index.php?rest_route=%2Fwp%2Fv2%2Ftags&post=21453"}],"curies":[{"name":"wp","href":"https:\/\/api.w.org\/{rel}","templated":true}]}}