{"id":21465,"date":"2019-11-22T19:05:38","date_gmt":"2019-11-22T18:05:38","guid":{"rendered":"http:\/\/info.sadowne.pl\/?p=21465"},"modified":"2023-06-07T23:05:01","modified_gmt":"2023-06-07T21:05:01","slug":"zlote-gody-w-sadownem-3","status":"publish","type":"post","link":"https:\/\/info.sadowne.pl\/?p=21465","title":{"rendered":"Z\u0142ote Gody 2019 w Sadownem"},"content":{"rendered":"<p><strong><a href=\"http:\/\/info.sadowne.pl\/wp-content\/uploads\/2019\/11\/2019.11.22.1.jpg\" target=\"_blank\" rel=\"noopener noreferrer\"><img loading=\"lazy\" decoding=\"async\" class=\"alignleft wp-image-21466 size-thumbnail\" src=\"http:\/\/info.sadowne.pl\/wp-content\/uploads\/2019\/11\/2019.11.22.1-180x130.jpg\" alt=\"\" width=\"180\" height=\"130\" \/><\/a>22 listopada w Sadownem \u015bwi\u0119towano Z\u0142ote Gody. Medale \u201eZa d\u0142ugoletnie po\u017cycie ma\u0142\u017ce\u0144skie\u201d otrzyma\u0142o 14 par, kt\u00f3re zawar\u0142y zwi\u0105zek ma\u0142\u017ce\u0144ski w 1968 roku.<\/strong><!--more--><\/p>\n<p>Ma\u0142\u017conkom, kt\u00f3rzy mog\u0105 pochwali\u0107 si\u0119 ponad pi\u0119\u0107dziesi\u0119cioletnim \u201esta\u017cem\u201d w ma\u0142\u017ce\u0144stwie, Prezydent RP przyznaje medale \u201eZa d\u0142ugoletnie po\u017cycie ma\u0142\u017ce\u0144skie\u201d i s\u0105 one nast\u0119pnie wr\u0119czane Im uroczy\u015bcie. Tym razem sw\u00f3j Jubileusz obchodzili:<\/p>\n<ol>\n<li><strong>Pa\u0144stwo Danuta i Leopold Ba\u0144scy \u2013 50 rocznica<\/strong><\/li>\n<li><strong>Pa\u0144stwo Genowefa i Bogdan Decyk \u2013 51 rocznica<\/strong><\/li>\n<li><strong>Pa\u0144stwo Alicja i Ryszard Federczyk \u2013 51 rocznica<\/strong><\/li>\n<li><strong>Pa\u0144stwo Anna i Czes\u0142aw G\u0142uszak \u2013 51 rocznica<\/strong><\/li>\n<li><strong>Pa\u0144stwo Anna i Andrzej G\u00f3ral \u2013 51 rocznica<\/strong><\/li>\n<li><strong>Pa\u0144stwo El\u017cbieta i Jan Koro\u015b \u2013 51 rocznica<\/strong><\/li>\n<li><strong>Pa\u0144stwo El\u017cbieta i Jan Kujawa \u2013 50 rocznica<\/strong><\/li>\n<li><strong>Pa\u0144stwo Teresa i Henryk Mali\u0144scy \u2013 51 rocznica<\/strong><\/li>\n<li><strong>Pa\u0144stwo Barbara i Czes\u0142aw Rukat \u2013 51 rocznica<\/strong><\/li>\n<li><strong>Pa\u0144stwo Zofia i Mieczys\u0142aw Rydzewscy \u2013 50 rocznica<\/strong><\/li>\n<li><strong>Pa\u0144stwo Wanda i Janusz S\u0119dek \u2013 51 rocznica<\/strong><\/li>\n<li><strong>Pa\u0144stwo Teresa i Stanis\u0142aw Stawiarz \u2013 51 rocznica<\/strong><\/li>\n<li><strong>Pa\u0144stwo Kazimiera i Edward Wr\u00f3bel \u2013 51 rocznica<\/strong><\/li>\n<li><strong>Pa\u0144stwo W\u0142adys\u0142awa i Les\u0142aw Wyrobek \u2013 51 rocznica<\/strong><\/li>\n<\/ol>\n<p>Uroczysto\u015b\u0107 specjalnie dla naszych Jubilat\u00f3w przygotowa\u0142 miejscowy Urz\u0105d Stanu Cywilnego, a poprzedzi\u0142a j\u0105 odprawiona w ko\u015bciele parafialnym w ich intencji msza \u015bwi\u0119ta.<\/p>\n<p>Bezpo\u015brednio po niej, podczas uroczystego spotkania w Restauracji Za\u015bcianek Nowy Styl w Sadownem, w imieniu Prezydenta RP Andrzeja Dudy ma\u0142\u017conkom medale wr\u0119czyli: W\u00f3jt Gminy Sadowne p. Waldemar Cyran z ma\u0142\u017conk\u0105 Katarzyn\u0105, Zast\u0119pca W\u00f3jta p. Marcin Gr\u0119da, Przewodnicz\u0105cy Rady Gminy Sadowne p. Tomasz Szymanik, Kierownik USC w Sadownem p. Renata Urbankowska i Proboszcz sadowie\u0144skiej Parafii ks. Antoni Kunicki.<\/p>\n<p>W tak uroczystej chwili Jubilatom towarzyszyli te\u017c najbli\u017csi, a opraw\u0119 muzyczn\u0105 przygotowa\u0142 Zesp\u00f3\u0142 \u015apiewaczy \u201eSadowianki\u201d. Po dekoracji oczywi\u015bcie nie oby\u0142o si\u0119 bez \u017cycze\u0144, lampki szampana i s\u0142odkiego pocz\u0119stunku \u2013 r\u00f3wnie\u017c niespodzianki w postaci tortu.<\/p>\n<p>My r\u00f3wnie\u017c przy\u0142\u0105czamy si\u0119 do Gratulacji i \u017cyczymy Jubilatom wszystkiego dobrego na kolejne wsp\u00f3lne lata.<\/p>\n<p><span style=\"color: #0000ff;\"><a style=\"color: #0000ff;\" href=\"https:\/\/photos.app.goo.gl\/N6gr84wtfgZZ9C7Q7\" target=\"_blank\" rel=\"noopener noreferrer\"><strong>Zdj\u0119cia w galerii Google&gt;&gt;&gt;<\/strong><\/a><\/span><\/p>\n<p><strong>Tekst\/foto:<\/strong> S\u0142awek Chyli\u0144ski<\/p>\n","protected":false},"excerpt":{"rendered":"<p>22 listopada w Sadownem \u015bwi\u0119towano Z\u0142ote Gody. Medale \u201eZa d\u0142ugoletnie po\u017cycie ma\u0142\u017ce\u0144skie\u201d otrzyma\u0142o 14 par, kt\u00f3re zawar\u0142y zwi\u0105zek ma\u0142\u017ce\u0144ski w 1968 roku.<\/p>\n","protected":false},"author":1,"featured_media":0,"comment_status":"closed","ping_status":"closed","sticky":false,"template":"","format":"standard","meta":{"footnotes":""},"categories":[5,41],"tags":[1015,25,3135],"class_list":["post-21465","post","type-post","status-publish","format-standard","hentry","category-newsy","category-wiesci-gminne","tag-zlote-gody-w-sadownem","tag-sadowne","tag-urzad-stanu-cywilnego-w-sadownem"],"views":3982,"_links":{"self":[{"href":"https:\/\/info.sadowne.pl\/index.php?rest_route=\/wp\/v2\/posts\/21465","targetHints":{"allow":["GET"]}}],"collection":[{"href":"https:\/\/info.sadowne.pl\/index.php?rest_route=\/wp\/v2\/posts"}],"about":[{"href":"https:\/\/info.sadowne.pl\/index.php?rest_route=\/wp\/v2\/types\/post"}],"author":[{"embeddable":true,"href":"https:\/\/info.sadowne.pl\/index.php?rest_route=\/wp\/v2\/users\/1"}],"replies":[{"embeddable":true,"href":"https:\/\/info.sadowne.pl\/index.php?rest_route=%2Fwp%2Fv2%2Fcomments&post=21465"}],"version-history":[{"count":4,"href":"https:\/\/info.sadowne.pl\/index.php?rest_route=\/wp\/v2\/posts\/21465\/revisions"}],"predecessor-version":[{"id":27701,"href":"https:\/\/info.sadowne.pl\/index.php?rest_route=\/wp\/v2\/posts\/21465\/revisions\/27701"}],"wp:attachment":[{"href":"https:\/\/info.sadowne.pl\/index.php?rest_route=%2Fwp%2Fv2%2Fmedia&parent=21465"}],"wp:term":[{"taxonomy":"category","embeddable":true,"href":"https:\/\/info.sadowne.pl\/index.php?rest_route=%2Fwp%2Fv2%2Fcategories&post=21465"},{"taxonomy":"post_tag","embeddable":true,"href":"https:\/\/info.sadowne.pl\/index.php?rest_route=%2Fwp%2Fv2%2Ftags&post=21465"}],"curies":[{"name":"wp","href":"https:\/\/api.w.org\/{rel}","templated":true}]}}