{"id":21495,"date":"2019-11-28T12:23:24","date_gmt":"2019-11-28T11:23:24","guid":{"rendered":"http:\/\/info.sadowne.pl\/?p=21495"},"modified":"2020-10-04T17:09:36","modified_gmt":"2020-10-04T15:09:36","slug":"na-ciele-slaby-lecz-przy-umysle-mocnym","status":"publish","type":"post","link":"https:\/\/info.sadowne.pl\/?p=21495","title":{"rendered":"NA CIELE S\u0141ABY, LECZ PRZY UMY\u015aLE MOCNYM\u2026"},"content":{"rendered":"<p><a href=\"http:\/\/info.sadowne.pl\/wp-content\/uploads\/2019\/11\/Brok18.jpg\" target=\"_blank\" rel=\"noopener noreferrer\"><img loading=\"lazy\" decoding=\"async\" class=\"alignleft wp-image-21496 size-thumbnail\" src=\"http:\/\/info.sadowne.pl\/wp-content\/uploads\/2019\/11\/Brok18-180x130.jpg\" alt=\"\" width=\"180\" height=\"130\" \/><\/a>\u00a0<strong>\u201e<em>Przez umy\u015blnego pos\u0142anego wezwany i przyby\u0142y wieczorem o godzinie wp\u00f3\u0142 do czwartej, wszed\u0142szy do domu w akcie wyra\u017conego, zasta\u0142 wzwy\u017c rzeczonego Wielmo\u017cnego Mirowicza w s\u0142abo\u015bci na \u0142\u00f3\u017cku le\u017c\u0105cego, <\/em><\/strong><!--more--><\/p>\n<p><em>kt\u00f3rego jako dawno sobie znajomego przywitawszy i o wielu rzeczach potocznych z tym\u017ce rozm\u00f3wiwszy si\u0119, a znalaz\u0142szy tego\u017c na b\u00f3l wewn\u0119trzny, kt\u00f3ry nazwa\u0142 kurczem \u017co\u0142\u0105dka czasami go trapi\u0105cym, czyli uciskaj\u0105cym os\u0142abionego, na umy\u015ble jednak zupe\u0142nie zdrowego i do czynienia wszelkich dzie\u0142 urz\u0119dowych prawomocnego, zapyta\u0142 si\u0119, w jakim by celu siebie Pisarza wzywa\u0142, na kt\u00f3re zapytanie chory odpowiedzia\u0142, i\u017c ma szczer\u0105, nieodmienn\u0105 my\u015bl maj\u0105tkiem swym, jaki mu Najwy\u017csza Opatrzno\u015b\u0107 zebra\u0107 dozwoli\u0142a, jako jest przy zdrowych zmys\u0142ach rozdysponowa\u0107 i \u017c\u0105da\u0142, aby Pisarz takow\u0105 dyspozycj\u0119 przyj\u0105\u0142, czego Pisarz ile z Prawem zgodnie \u017c\u0105danego odm\u00f3wi\u0107 nie mog\u0105c, zaleci\u0142 sprowadzenie i wezwanie \u015awiadk\u00f3w stosownie do Prawa dla solenno\u015bci tego dzie\u0142a niezbicie potrzebnych, a \u017ce tak pr\u0119dko sprowadzeni by\u0107 nie mogli, wi\u0119c dalsze swe post\u0119powania, na \u017c\u0105danie samego\u017c Testatora, ile nie tak bardzo os\u0142abionym si\u0119 czuj\u0105cego, do dnia nast\u0119pnego odroczy\u0142<\/em>\u201d.<\/p>\n<p><strong>Wi\u0119cej na stronie <a href=\"http:\/\/madzelan.cba.pl\/na-ciele-slaby-lecz-przy-umysle-mocnym\/\">http:\/\/madzelan.cba.pl\/na-ciele-slaby-lecz-przy-umysle-mocnym\/<\/a>\u00a0\u00a0\u00a0\u00a0\u00a0\u00a0\u00a0\u00a0\u00a0\u00a0\u00a0\u00a0\u00a0\u00a0\u00a0\u00a0\u00a0\u00a0\u00a0\u00a0\u00a0\u00a0\u00a0\u00a0\u00a0\u00a0\u00a0 <\/strong><\/p>\n","protected":false},"excerpt":{"rendered":"<p>\u00a0\u201ePrzez umy\u015blnego pos\u0142anego wezwany i przyby\u0142y wieczorem o godzinie wp\u00f3\u0142 do czwartej, wszed\u0142szy do domu w akcie wyra\u017conego, zasta\u0142 wzwy\u017c rzeczonego Wielmo\u017cnego Mirowicza w s\u0142abo\u015bci na \u0142\u00f3\u017cku le\u017c\u0105cego,<\/p>\n","protected":false},"author":1,"featured_media":0,"comment_status":"closed","ping_status":"closed","sticky":false,"template":"","format":"standard","meta":{"footnotes":""},"categories":[5,3436,1973,31],"tags":[101,3004,2956],"class_list":["post-21495","post","type-post","status-publish","format-standard","hentry","category-newsy","category-opowiesci-historie-legendy-brokowskie-i-nie-tylko","category-pisali-o-sadownem","category-historia-gminy","tag-historia-gminy-sadowne","tag-jerzy-madzelan","tag-opowiesci-historie-legendy-brokowskie-i-nie-tylko"],"views":3088,"_links":{"self":[{"href":"https:\/\/info.sadowne.pl\/index.php?rest_route=\/wp\/v2\/posts\/21495","targetHints":{"allow":["GET"]}}],"collection":[{"href":"https:\/\/info.sadowne.pl\/index.php?rest_route=\/wp\/v2\/posts"}],"about":[{"href":"https:\/\/info.sadowne.pl\/index.php?rest_route=\/wp\/v2\/types\/post"}],"author":[{"embeddable":true,"href":"https:\/\/info.sadowne.pl\/index.php?rest_route=\/wp\/v2\/users\/1"}],"replies":[{"embeddable":true,"href":"https:\/\/info.sadowne.pl\/index.php?rest_route=%2Fwp%2Fv2%2Fcomments&post=21495"}],"version-history":[{"count":1,"href":"https:\/\/info.sadowne.pl\/index.php?rest_route=\/wp\/v2\/posts\/21495\/revisions"}],"predecessor-version":[{"id":21497,"href":"https:\/\/info.sadowne.pl\/index.php?rest_route=\/wp\/v2\/posts\/21495\/revisions\/21497"}],"wp:attachment":[{"href":"https:\/\/info.sadowne.pl\/index.php?rest_route=%2Fwp%2Fv2%2Fmedia&parent=21495"}],"wp:term":[{"taxonomy":"category","embeddable":true,"href":"https:\/\/info.sadowne.pl\/index.php?rest_route=%2Fwp%2Fv2%2Fcategories&post=21495"},{"taxonomy":"post_tag","embeddable":true,"href":"https:\/\/info.sadowne.pl\/index.php?rest_route=%2Fwp%2Fv2%2Ftags&post=21495"}],"curies":[{"name":"wp","href":"https:\/\/api.w.org\/{rel}","templated":true}]}}