{"id":21508,"date":"2019-12-02T12:18:50","date_gmt":"2019-12-02T11:18:50","guid":{"rendered":"http:\/\/info.sadowne.pl\/?p=21508"},"modified":"2019-12-02T14:06:32","modified_gmt":"2019-12-02T13:06:32","slug":"mistrzostwa-polskim-juniorow-i-mlodziezowcow","status":"publish","type":"post","link":"https:\/\/info.sadowne.pl\/?p=21508","title":{"rendered":"Mistrzostwa Polski Junior\u00f3w i M\u0142odzie\u017cowc\u00f3w"},"content":{"rendered":"<p><strong><a href=\"http:\/\/info.sadowne.pl\/wp-content\/uploads\/2019\/12\/2019.12.02.1.jpg\" target=\"_blank\" rel=\"noopener noreferrer\"><img loading=\"lazy\" decoding=\"async\" class=\"alignleft wp-image-21509 size-thumbnail\" src=\"http:\/\/info.sadowne.pl\/wp-content\/uploads\/2019\/12\/2019.12.02.1-180x130.jpg\" alt=\"\" width=\"180\" height=\"130\" \/><\/a>16 listopada w Makowie Mazowieckim odby\u0142y si\u0119 Mistrzostwa Polski Kyokushin Junior\u00f3w i M\u0142odzie\u017cowc\u00f3w Polskiego Zwi\u0105zku Karate, kt\u00f3rych organizatorem by\u0142 MKKK Shinkyokushin.<\/strong><!--more--><\/p>\n<p><a href=\"http:\/\/info.sadowne.pl\/wp-content\/uploads\/2019\/12\/2019.12.02.2.jpg\" target=\"_blank\" rel=\"noopener noreferrer\"><img loading=\"lazy\" decoding=\"async\" class=\"alignright wp-image-21510 size-medium\" src=\"http:\/\/info.sadowne.pl\/wp-content\/uploads\/2019\/12\/2019.12.02.2-169x300.jpg\" alt=\"\" width=\"169\" height=\"300\" srcset=\"https:\/\/info.sadowne.pl\/wp-content\/uploads\/2019\/12\/2019.12.02.2-169x300.jpg 169w, https:\/\/info.sadowne.pl\/wp-content\/uploads\/2019\/12\/2019.12.02.2.jpg 444w\" sizes=\"auto, (max-width: 169px) 100vw, 169px\" \/><\/a>Brokowski Klub Karate Kyokushinkai reprezentowali: Rafa\u0142 Szul\u0119cki \u2013 m\u0142odzie\u017cowiec do 65 kg i Tomasz Rostek \u2013 junior plus 75 kg.<\/p>\n<p>Niestety Rafa\u0142 i Tomasz nie zdo\u0142ali przebrn\u0105\u0107 przez faz\u0119 walk eliminacyjnych. Wymagaj\u0105cy zawodnicy, ranga zawod\u00f3w, najlepsi karateka z ca\u0142ej Polski da\u0142o naszym reprezentantom kolejn\u0105 bardzo cenn\u0105 lekcj\u0119 kontaktowego karate.<\/p>\n<p>W turnieju startowa\u0142o 217 zawodnik\u00f3w z 77 klub\u00f3w z ca\u0142ej Polski.<\/p>\n<p><strong>Tekst\/foto:<\/strong> Zbigniew W\u00f3jcicki<\/p>\n","protected":false},"excerpt":{"rendered":"<p>16 listopada w Makowie Mazowieckim odby\u0142y si\u0119 Mistrzostwa Polski Kyokushin Junior\u00f3w i M\u0142odzie\u017cowc\u00f3w Polskiego Zwi\u0105zku Karate, kt\u00f3rych organizatorem by\u0142 MKKK Shinkyokushin.<\/p>\n","protected":false},"author":1,"featured_media":0,"comment_status":"closed","ping_status":"closed","sticky":false,"template":"","format":"standard","meta":{"footnotes":""},"categories":[5,2029,7],"tags":[794,2337,3259,2030],"class_list":["post-21508","post","type-post","status-publish","format-standard","hentry","category-newsy","category-karate","category-sport","tag-brokowski-klub-karate-kyokushinkai","tag-rafal-szulecki","tag-tomasz-rostek","tag-zbigniew-wojcicki"],"views":2702,"_links":{"self":[{"href":"https:\/\/info.sadowne.pl\/index.php?rest_route=\/wp\/v2\/posts\/21508","targetHints":{"allow":["GET"]}}],"collection":[{"href":"https:\/\/info.sadowne.pl\/index.php?rest_route=\/wp\/v2\/posts"}],"about":[{"href":"https:\/\/info.sadowne.pl\/index.php?rest_route=\/wp\/v2\/types\/post"}],"author":[{"embeddable":true,"href":"https:\/\/info.sadowne.pl\/index.php?rest_route=\/wp\/v2\/users\/1"}],"replies":[{"embeddable":true,"href":"https:\/\/info.sadowne.pl\/index.php?rest_route=%2Fwp%2Fv2%2Fcomments&post=21508"}],"version-history":[{"count":2,"href":"https:\/\/info.sadowne.pl\/index.php?rest_route=\/wp\/v2\/posts\/21508\/revisions"}],"predecessor-version":[{"id":21517,"href":"https:\/\/info.sadowne.pl\/index.php?rest_route=\/wp\/v2\/posts\/21508\/revisions\/21517"}],"wp:attachment":[{"href":"https:\/\/info.sadowne.pl\/index.php?rest_route=%2Fwp%2Fv2%2Fmedia&parent=21508"}],"wp:term":[{"taxonomy":"category","embeddable":true,"href":"https:\/\/info.sadowne.pl\/index.php?rest_route=%2Fwp%2Fv2%2Fcategories&post=21508"},{"taxonomy":"post_tag","embeddable":true,"href":"https:\/\/info.sadowne.pl\/index.php?rest_route=%2Fwp%2Fv2%2Ftags&post=21508"}],"curies":[{"name":"wp","href":"https:\/\/api.w.org\/{rel}","templated":true}]}}