{"id":21526,"date":"2019-12-06T19:43:31","date_gmt":"2019-12-06T18:43:31","guid":{"rendered":"http:\/\/info.sadowne.pl\/?p=21526"},"modified":"2019-12-06T19:43:31","modified_gmt":"2019-12-06T18:43:31","slug":"prezenty-dotarly","status":"publish","type":"post","link":"https:\/\/info.sadowne.pl\/?p=21526","title":{"rendered":"Prezenty dotar\u0142y\u2026"},"content":{"rendered":"<p><strong><a href=\"http:\/\/info.sadowne.pl\/wp-content\/uploads\/2019\/12\/2019.12.06.1.jpg\" target=\"_blank\" rel=\"noopener noreferrer\"><img loading=\"lazy\" decoding=\"async\" class=\"alignleft wp-image-21527 size-thumbnail\" src=\"http:\/\/info.sadowne.pl\/wp-content\/uploads\/2019\/12\/2019.12.06.1-180x130.jpg\" alt=\"\" width=\"180\" height=\"130\" \/><\/a>Dzieciaki ju\u017c traci\u0142y nadziej\u0119\u2026 Miko\u0142aj op\u00f3\u017ania\u0142 swoje przybycie do Sadownego, ale w ko\u0144cu\u2026<\/strong><!--more--><\/p>\n<p>Tu\u017c po zachodzie s\u0142o\u0144ca 6 grudnia najm\u0142odsi mieszka\u0144cy Sadownego na przyko\u015bcielnym skwerku oczekiwali na przybycie \u015aw. Miko\u0142aja. A on? Op\u00f3\u017ania\u0142 swoje przybycie.<\/p>\n<p>Ju\u017c zd\u0105\u017cy\u0142a, w imieniu Organizator\u00f3w spotkania, powita\u0107 wszystkich p. Ewa Pi\u00f3rkowska \u2013 Dyrektor sadowie\u0144skiego GOK-u, wsp\u00f3lnie z W\u00f3jtem Gminy p. Waldemarem Cyranem roz\u015bwietli\u0107 \u015bwi\u0105teczn\u0105 choink\u0119, otwieraj\u0105c symbolicznie okres przygotowa\u0144 do \u015awi\u0105t Bo\u017cego Narodzenia, a Miko\u0142aja brak\u2026 Dzieciaki uzupe\u0142ni\u0142y na choince brakuj\u0105ce bombki, a Miko\u0142aj jeszcze daleko\u2026 Elfy przygotowa\u0142y fotel dla \u015awi\u0119tego i przeprowadzi\u0142y \u015bwi\u0105teczne konkursy, a tu\u2026 nic. Dopiero nawo\u0142ywania dzieciak\u00f3w, kt\u00f3re ju\u017c troch\u0119 zmarz\u0142y, spowodowa\u0142y, \u017ce na horyzoncie pojawi\u0142 si\u0119 oczekiwany Miko\u0142aj.<\/p>\n<p>Wszyscy zdumieli si\u0119, bo w tym roku nie dopisa\u0142a \u015bnie\u017cna aura i miko\u0142ajowe sanie mia\u0142yby problem z jazd\u0105, ale Miko\u0142aj poradzi\u0142 sobie\u2026 skonstruowa\u0142 specjalny pojazd z przyczepk\u0105, kt\u00f3rej zawarto\u015b\u0107 bardzo uradowa\u0142a oczekuj\u0105cych. Po potwierdzeniu, \u017ce wszyscy zas\u0142uguj\u0105 na nagrod\u0119, Miko\u0142aj przyst\u0105pi\u0142 do realizowania swoich podstawowych obowi\u0105zk\u00f3w \u2013 rozdawania prezent\u00f3w.<\/p>\n<p>Choinka \u015bwietnie wkomponowuje si\u0119 w o\u015bwietlenie ko\u015bcio\u0142a parafialnego i wystroju sadowie\u0144skich uliczek. Dobrze obejrze\u0107 je samemu podczas wieczornego spaceru. Polecamy!<\/p>\n<p><strong><span style=\"color: #0000ff;\"><a style=\"color: #0000ff;\" href=\"https:\/\/photos.app.goo.gl\/gq977SyCSxbno5g16\" target=\"_blank\" rel=\"noopener noreferrer\">Zdj\u0119cia w galerii Google&gt;&gt;&gt;\u00a0<\/a>\u00a0\u00a0\u00a0\u00a0<\/span>\u00a0\u00a0 <\/strong><\/p>\n<p><strong>Tekst\/foto:<\/strong> S\u0142awomir Chyli\u0144ski<\/p>\n","protected":false},"excerpt":{"rendered":"<p>Dzieciaki ju\u017c traci\u0142y nadziej\u0119\u2026 Miko\u0142aj op\u00f3\u017ania\u0142 swoje przybycie do Sadownego, ale w ko\u0144cu\u2026<\/p>\n","protected":false},"author":1,"featured_media":0,"comment_status":"closed","ping_status":"closed","sticky":false,"template":"","format":"standard","meta":{"footnotes":""},"categories":[5,91,6],"tags":[169,25,2966],"class_list":["post-21526","post","type-post","status-publish","format-standard","hentry","category-newsy","category-gminny-osrodek-kultury","category-kultura-rozrywka-edukacja","tag-gminny-osrodek-kultury-w-sadownem","tag-sadowne","tag-spotkanie-z-mikolajem"],"views":2525,"_links":{"self":[{"href":"https:\/\/info.sadowne.pl\/index.php?rest_route=\/wp\/v2\/posts\/21526","targetHints":{"allow":["GET"]}}],"collection":[{"href":"https:\/\/info.sadowne.pl\/index.php?rest_route=\/wp\/v2\/posts"}],"about":[{"href":"https:\/\/info.sadowne.pl\/index.php?rest_route=\/wp\/v2\/types\/post"}],"author":[{"embeddable":true,"href":"https:\/\/info.sadowne.pl\/index.php?rest_route=\/wp\/v2\/users\/1"}],"replies":[{"embeddable":true,"href":"https:\/\/info.sadowne.pl\/index.php?rest_route=%2Fwp%2Fv2%2Fcomments&post=21526"}],"version-history":[{"count":1,"href":"https:\/\/info.sadowne.pl\/index.php?rest_route=\/wp\/v2\/posts\/21526\/revisions"}],"predecessor-version":[{"id":21528,"href":"https:\/\/info.sadowne.pl\/index.php?rest_route=\/wp\/v2\/posts\/21526\/revisions\/21528"}],"wp:attachment":[{"href":"https:\/\/info.sadowne.pl\/index.php?rest_route=%2Fwp%2Fv2%2Fmedia&parent=21526"}],"wp:term":[{"taxonomy":"category","embeddable":true,"href":"https:\/\/info.sadowne.pl\/index.php?rest_route=%2Fwp%2Fv2%2Fcategories&post=21526"},{"taxonomy":"post_tag","embeddable":true,"href":"https:\/\/info.sadowne.pl\/index.php?rest_route=%2Fwp%2Fv2%2Ftags&post=21526"}],"curies":[{"name":"wp","href":"https:\/\/api.w.org\/{rel}","templated":true}]}}