{"id":21569,"date":"2019-12-18T12:48:47","date_gmt":"2019-12-18T11:48:47","guid":{"rendered":"http:\/\/info.sadowne.pl\/?p=21569"},"modified":"2019-12-18T12:48:47","modified_gmt":"2019-12-18T11:48:47","slug":"serce-na-dloni","status":"publish","type":"post","link":"https:\/\/info.sadowne.pl\/?p=21569","title":{"rendered":"\u201eSerce na D\u0142oni\u201d"},"content":{"rendered":"<p><strong><img loading=\"lazy\" decoding=\"async\" class=\"alignleft size-thumbnail wp-image-21570\" src=\"http:\/\/info.sadowne.pl\/wp-content\/uploads\/2019\/12\/2019.12.18.1-180x130.jpg\" alt=\"\" width=\"180\" height=\"130\" \/>&#8211; wsparcie os\u00f3b z zaburzeniami psychicznymi i ich rodzin.<\/strong><!--more--><\/p>\n<p>Kiedy w rodzinie pojawia si\u0119 dziecko z trudno\u015bciami, wszystko si\u0119 zmienia. Nagle okazuje si\u0119, \u017ce to, co do tej pory dzia\u0142a\u0142o, by\u0142o oczywiste, w og\u00f3le si\u0119 nie sprawdza, \u017ce rodzice cz\u0119sto zapominaj\u0105 o sobie i gubi\u0105 si\u0119 w tej g\u0119stwinie problem\u00f3w i braku zrozumienia ze strony znajomych, s\u0105siad\u00f3w, a czasem nawet najbli\u017cszej rodziny. Rodze\u0144stwo os\u00f3b z zaburzeniami psychicznymi te\u017c nie ma \u0142atwo, cz\u0119sto musi szybciej dorosn\u0105\u0107, ci\u0105\u017cy na nich wi\u0119ksza odpowiedzialno\u015b\u0107.<\/p>\n<p>Inny spos\u00f3b my\u015blenia budzi strach, niech\u0119\u0107, pogard\u0119. Jak cz\u0119sto osoby z trudno\u015bciami, zachowuj\u0105ce si\u0119 nietypowo spotykaj\u0105 si\u0119 z brakiem zrozumienia, wsparcia, empatii? Jak trudno jest \u017cy\u0107 w \u015bwiecie, kt\u00f3ry nie toleruje s\u0142abo\u015bci?<\/p>\n<p><em><img loading=\"lazy\" decoding=\"async\" class=\"alignright size-full wp-image-19034\" src=\"http:\/\/info.sadowne.pl\/wp-content\/uploads\/2018\/08\/MD.jpg\" alt=\"\" width=\"128\" height=\"149\" \/>\u201eSerce na D\u0142oni\u201d \u2013 projekt dla os\u00f3b z zaburzeniami psychicznymi oraz ich rodzin, kt\u00f3ry realizuje Fundacja Prima Security zosta\u0142 zaplanowany dla 40. os\u00f3b. Zg\u0142osi\u0142o si\u0119 wi\u0119cej, a nie mogli\u015bmy przecie\u017c odm\u00f3wi\u0107 im wsparcia, dlatego w projekcie bierze udzia\u0142 53. dzieci z r\u00f3\u017cnymi trudno\u015bciami: z autyzmem, Zespo\u0142em Aspergera, specyficznymi trudno\u015bciami w nauce, z niepe\u0142nosprawno\u015bci\u0105 intelektualn\u0105 oraz zaburzeniami zachowania. Wsparciem obj\u0119li\u015bmy r\u00f3wnie\u017c ich rodzic\u00f3w i rodze\u0144stwo, poniewa\u017c wa\u017cne dla nas by\u0142o, aby ca\u0142a rodzina otrzyma\u0142a pomoc.<\/em><\/p>\n<p><a href=\"http:\/\/info.sadowne.pl\/wp-content\/uploads\/2019\/12\/2019.12.18.1.jpg\" target=\"_blank\" rel=\"noopener noreferrer\"><img loading=\"lazy\" decoding=\"async\" class=\"alignleft wp-image-21570 size-medium\" src=\"http:\/\/info.sadowne.pl\/wp-content\/uploads\/2019\/12\/2019.12.18.1-212x300.jpg\" alt=\"\" width=\"212\" height=\"300\" srcset=\"https:\/\/info.sadowne.pl\/wp-content\/uploads\/2019\/12\/2019.12.18.1-212x300.jpg 212w, https:\/\/info.sadowne.pl\/wp-content\/uploads\/2019\/12\/2019.12.18.1.jpg 604w\" sizes=\"auto, (max-width: 212px) 100vw, 212px\" \/><\/a>Projekt realizowany przez Fundacj\u0119 Prima Security ma na celu aktywizacj\u0119 spo\u0142eczn\u0105, psychiczn\u0105 oraz fizyczn\u0105 os\u00f3b z zaburzeniami psychicznymi, ze szczeg\u00f3lnym uwzgl\u0119dnieniem nabywania i rozwijania kompetencji spo\u0142ecznych, zapewnienie kompleksowej oferty us\u0142ug \u015bwiadczonych na rzecz os\u00f3b z zaburzeniami psychicznymi, integracj\u0119 os\u00f3b z zaburzeniami psychicznymi oraz ich rodzin, ze \u015brodowiskiem lokalnym, wsparcie dla rodzin os\u00f3b z zaburzeniami psychicznymi oraz zapobieganie wykluczeniu spo\u0142ecznemu.<\/p>\n<p>Dzi\u0119ki dofinansowaniu ze \u015brodk\u00f3w bud\u017cetu wojew\u00f3dztwa mazowieckiego mogli\u015bmy zorganizowa\u0107 zaj\u0119cia grupowe: Trening Umiej\u0119tno\u015bci Spo\u0142ecznych, Bilateraln\u0105 Integracj\u0119, Sensoplastyk\u0119, Zaj\u0119cia Ruchu Rozwijaj\u0105cego Weroniki Sherborne, wycieczki integracyjne, konsultacje z psychologiem, pedagogiem, logoped\u0105, dietetykiem oraz psychiatr\u0105. Warsztaty dla rodze\u0144stwa oraz grup\u0119 wsparcia dla rodzic\u00f3w. W ramach Akademii Samodzielno\u015bci 2 razy byli\u015bmy w kinie, a tak\u017ce odwiedzili\u015bmy kawiarni\u0119 i restauracj\u0119. Fundacja realizuje r\u00f3wnie\u017c kampani\u0119 edukacyjno-informacyjn\u0105 poprzez prowadzenie kana\u0142u na youtube oraz warsztaty w szko\u0142ach.<\/p>\n<p><strong>Monika Doktorska\u00a0\u00a0\u00a0\u00a0\u00a0\u00a0\u00a0\u00a0\u00a0\u00a0\u00a0\u00a0\u00a0\u00a0\u00a0\u00a0\u00a0\u00a0\u00a0\u00a0\u00a0\u00a0\u00a0\u00a0\u00a0\u00a0\u00a0 <\/strong><\/p>\n","protected":false},"excerpt":{"rendered":"<p>&#8211; wsparcie os\u00f3b z zaburzeniami psychicznymi i ich rodzin.<\/p>\n","protected":false},"author":1,"featured_media":0,"comment_status":"closed","ping_status":"closed","sticky":false,"template":"","format":"standard","meta":{"footnotes":""},"categories":[5,1406,1408],"tags":[2877,3266,2327],"class_list":["post-21569","post","type-post","status-publish","format-standard","hentry","category-newsy","category-czy-wiesz","category-zdrowie","tag-monika-doktorska","tag-projekt-serce-na-dloni","tag-zdrowie-dziecka"],"views":2983,"_links":{"self":[{"href":"https:\/\/info.sadowne.pl\/index.php?rest_route=\/wp\/v2\/posts\/21569","targetHints":{"allow":["GET"]}}],"collection":[{"href":"https:\/\/info.sadowne.pl\/index.php?rest_route=\/wp\/v2\/posts"}],"about":[{"href":"https:\/\/info.sadowne.pl\/index.php?rest_route=\/wp\/v2\/types\/post"}],"author":[{"embeddable":true,"href":"https:\/\/info.sadowne.pl\/index.php?rest_route=\/wp\/v2\/users\/1"}],"replies":[{"embeddable":true,"href":"https:\/\/info.sadowne.pl\/index.php?rest_route=%2Fwp%2Fv2%2Fcomments&post=21569"}],"version-history":[{"count":1,"href":"https:\/\/info.sadowne.pl\/index.php?rest_route=\/wp\/v2\/posts\/21569\/revisions"}],"predecessor-version":[{"id":21571,"href":"https:\/\/info.sadowne.pl\/index.php?rest_route=\/wp\/v2\/posts\/21569\/revisions\/21571"}],"wp:attachment":[{"href":"https:\/\/info.sadowne.pl\/index.php?rest_route=%2Fwp%2Fv2%2Fmedia&parent=21569"}],"wp:term":[{"taxonomy":"category","embeddable":true,"href":"https:\/\/info.sadowne.pl\/index.php?rest_route=%2Fwp%2Fv2%2Fcategories&post=21569"},{"taxonomy":"post_tag","embeddable":true,"href":"https:\/\/info.sadowne.pl\/index.php?rest_route=%2Fwp%2Fv2%2Ftags&post=21569"}],"curies":[{"name":"wp","href":"https:\/\/api.w.org\/{rel}","templated":true}]}}