{"id":2159,"date":"2013-06-02T15:43:29","date_gmt":"2013-06-02T13:43:29","guid":{"rendered":"http:\/\/www.infosadowne.boo.pl\/?p=2159"},"modified":"2020-04-24T20:20:33","modified_gmt":"2020-04-24T18:20:33","slug":"gminne-zawody-pozarnicze","status":"publish","type":"post","link":"https:\/\/info.sadowne.pl\/?p=2159","title":{"rendered":"Gminne Zawody Po\u017carnicze"},"content":{"rendered":"<p style=\"text-align: justify;\"><strong><img loading=\"lazy\" decoding=\"async\" class=\"alignleft size-thumbnail wp-image-2161\" src=\"http:\/\/www.info.sadowne.pl\/wp-content\/uploads\/2013\/06\/2013.06.02-180x130.jpg\" alt=\"2013.06.02\" width=\"180\" height=\"130\" \/>W niedzielne przedpo\u0142udnie (2 czerwca) na boisku w Sadownem odby\u0142y si\u0119 Gminne Zawody Ochotniczych Stra\u017cy Po\u017carnych. Bezkonkurencyjn\u0105 okaza\u0142a si\u0119 dru\u017cyna z Szynkarzyzny.<!--more--><\/strong><\/p>\n<p style=\"text-align: justify;\">Od godz. 9.00 na boisku sportowym przy Gimnazjum w Sadownem \u201ezaroi\u0142o si\u0119\u201d od stra\u017cackich mundur\u00f3w galowych i \u0107wiczebnych oraz pojazd\u00f3w w kolorze czerwonym. Na coroczne zawody sportowe przyby\u0142y dru\u017cyny Ochotniczych Stra\u017cy Po\u017carnych gminy Sadowne. W kategorii m\u0119skiej brali udzia\u0142 druhowie z Morzyczyna W\u0142oki, Sadownego, Sok\u00f3\u0142ki, Szynkarzyzny, Wilczog\u0105b i Zalesia, natomiast do kategorii \u017ce\u0144skiej zg\u0142osi\u0142a si\u0119 jedna dru\u017cyna \u2013 OSP Sok\u00f3\u0142ka.<\/p>\n<p style=\"text-align: justify;\">W dw\u00f3ch konkurencjach: sztafety i dzia\u0142a\u0144 bojowych, widoczne by\u0142o du\u017ce zaanga\u017cowanie zawodnik\u00f3w, dobre przygotowanie i wypracowane w dzia\u0142aniach umiej\u0119tno\u015bci.<\/p>\n<p style=\"text-align: justify;\">Zawodnicy oceniani byli przez komisj\u0119, kt\u00f3rej przewodzi\u0142 Zast\u0119pca Komendanta \u00a0Powiatowego PSP w W\u0119growie starszy brygadier Dariusz Maci\u0105g. Po podsumowaniu wynik\u00f3w okaza\u0142o si\u0119, i\u017c bezkonkurencyjn\u0105 w kategorii m\u0119skiej by\u0142a dru\u017cyna z Szynkarzyzny, drugie miejsce przypad\u0142o dru\u017cynie z Zalesia, natomiast trzecie \u2013 z Sadownego. Oczywi\u015bcie pierwsze miejsce w kategorii \u017ce\u0144skiej zaj\u0119\u0142a dru\u017cyna dziewcz\u0105t z Sok\u00f3\u0142ki. Gratulujemy!<\/p>\n<p style=\"text-align: justify;\">Podsumowaniem zawod\u00f3w by\u0142o uroczyste wr\u0119czenie puchar\u00f3w i dyplom\u00f3w.<\/p>\n<p><a href=\"https:\/\/photos.app.goo.gl\/W126fLTP6JDw1AFP6\" target=\"_blank\" rel=\"noopener noreferrer\"><strong>Zdj\u0119cia w galerii Google&gt;&gt;&gt;<\/strong><\/a><\/p>\n<p><strong>Tekst\/foto: <\/strong>S\u0142awek Chyli\u0144ski<\/p>\n<p>&nbsp;<\/p>\n","protected":false},"excerpt":{"rendered":"<p>W niedzielne przedpo\u0142udnie (2 czerwca) na boisku w Sadownem odby\u0142y si\u0119 Gminne Zawody Ochotniczych Stra\u017cy Po\u017carnych. Bezkonkurencyjn\u0105 okaza\u0142a si\u0119 dru\u017cyna z Szynkarzyzny.<\/p>\n","protected":false},"author":1,"featured_media":0,"comment_status":"open","ping_status":"open","sticky":false,"template":"","format":"standard","meta":{"footnotes":""},"categories":[5,2395,2396,2391,2392,2393,2397,2394,4,267],"tags":[248,249],"class_list":["post-2159","post","type-post","status-publish","format-standard","hentry","category-newsy","category-osp-morzyczyn-wloki","category-osp-morzyczyn-wloscianski","category-osp-sadowne","category-osp-sokolka","category-osp-szynkarzyzna","category-osp-wilczogeby","category-osp-zalesie","category-policja-straz-pozarna-pogotowie-ratunkowe","category-straz-pozarna-policja-straz-pozarna-pogotowie-ratunkowe","tag-ochotnicza-straz-pozarna","tag-zawody-pozarnicze"],"views":3956,"_links":{"self":[{"href":"https:\/\/info.sadowne.pl\/index.php?rest_route=\/wp\/v2\/posts\/2159","targetHints":{"allow":["GET"]}}],"collection":[{"href":"https:\/\/info.sadowne.pl\/index.php?rest_route=\/wp\/v2\/posts"}],"about":[{"href":"https:\/\/info.sadowne.pl\/index.php?rest_route=\/wp\/v2\/types\/post"}],"author":[{"embeddable":true,"href":"https:\/\/info.sadowne.pl\/index.php?rest_route=\/wp\/v2\/users\/1"}],"replies":[{"embeddable":true,"href":"https:\/\/info.sadowne.pl\/index.php?rest_route=%2Fwp%2Fv2%2Fcomments&post=2159"}],"version-history":[{"count":4,"href":"https:\/\/info.sadowne.pl\/index.php?rest_route=\/wp\/v2\/posts\/2159\/revisions"}],"predecessor-version":[{"id":23367,"href":"https:\/\/info.sadowne.pl\/index.php?rest_route=\/wp\/v2\/posts\/2159\/revisions\/23367"}],"wp:attachment":[{"href":"https:\/\/info.sadowne.pl\/index.php?rest_route=%2Fwp%2Fv2%2Fmedia&parent=2159"}],"wp:term":[{"taxonomy":"category","embeddable":true,"href":"https:\/\/info.sadowne.pl\/index.php?rest_route=%2Fwp%2Fv2%2Fcategories&post=2159"},{"taxonomy":"post_tag","embeddable":true,"href":"https:\/\/info.sadowne.pl\/index.php?rest_route=%2Fwp%2Fv2%2Ftags&post=2159"}],"curies":[{"name":"wp","href":"https:\/\/api.w.org\/{rel}","templated":true}]}}