{"id":21596,"date":"2019-12-23T14:12:51","date_gmt":"2019-12-23T13:12:51","guid":{"rendered":"http:\/\/info.sadowne.pl\/?p=21596"},"modified":"2019-12-23T14:12:51","modified_gmt":"2019-12-23T13:12:51","slug":"osp-wilczogeby-konczy-rok-100-lecia-swojej-jednostki","status":"publish","type":"post","link":"https:\/\/info.sadowne.pl\/?p=21596","title":{"rendered":"OSP Wilczog\u0119by ko\u0144czy rok 100-lecia swojej Jednostki"},"content":{"rendered":"<p><strong><a href=\"http:\/\/info.sadowne.pl\/wp-content\/uploads\/2019\/12\/2019.12.23.1.jpg\" target=\"_blank\" rel=\"noopener noreferrer\"><img loading=\"lazy\" decoding=\"async\" class=\"alignleft wp-image-21597 size-thumbnail\" src=\"http:\/\/info.sadowne.pl\/wp-content\/uploads\/2019\/12\/2019.12.23.1-180x130.jpg\" alt=\"\" width=\"180\" height=\"130\" \/><\/a>Wigilia w remizie.<\/strong><strong>\u00a0<\/strong><!--more--><\/p>\n<p>Jeszcze tylko kilka dni i po\u017cegnamy 2019 rok. Sta\u0142o si\u0119 ju\u017c tradycj\u0105, \u017ce w ostatni\u0105 sobot\u0119 przed Wigili\u0105 druhny i druhowie z OSP w Wilczog\u0119bach spotykaj\u0105 si\u0119 w swojej remizie, aby prze\u0142ama\u0107 si\u0119 op\u0142atkiem, \u017cyczy\u0107 sobie zdrowych i pogodnych \u015awi\u0105t i spr\u00f3bowa\u0107 co w innych domach szykowane jest na wigilijn\u0105 kolacj\u0119. A przy okazji wspominaj\u0105, jak up\u0142yn\u0105\u0142 im ten rok.<\/p>\n<p><img loading=\"lazy\" decoding=\"async\" class=\"aligncenter size-full wp-image-21598\" src=\"http:\/\/info.sadowne.pl\/wp-content\/uploads\/2019\/12\/2019.12.23.2.jpg\" alt=\"\" width=\"609\" height=\"407\" srcset=\"https:\/\/info.sadowne.pl\/wp-content\/uploads\/2019\/12\/2019.12.23.2.jpg 609w, https:\/\/info.sadowne.pl\/wp-content\/uploads\/2019\/12\/2019.12.23.2-300x200.jpg 300w\" sizes=\"auto, (max-width: 609px) 100vw, 609px\" \/><\/p>\n<p>Spotkanie wigilijne otworzy\u0142 prezes OSP Wilczog\u0119by i jednocze\u015bnie so\u0142tys p. Jacenty Biernat.\u00a0 Przypomnia\u0142 on dzia\u0142ania w mijaj\u0105cym roku, kt\u00f3rego najwa\u017cniejszym wydarzeniem by\u0142 Jubileusz 100-lecia istnienia ochotniczej stra\u017cy po\u017carnej w Wilczog\u0119bach.<\/p>\n<p><img loading=\"lazy\" decoding=\"async\" class=\"aligncenter size-full wp-image-21599\" src=\"http:\/\/info.sadowne.pl\/wp-content\/uploads\/2019\/12\/2019.12.23.3.jpg\" alt=\"\" width=\"609\" height=\"407\" srcset=\"https:\/\/info.sadowne.pl\/wp-content\/uploads\/2019\/12\/2019.12.23.3.jpg 609w, https:\/\/info.sadowne.pl\/wp-content\/uploads\/2019\/12\/2019.12.23.3-300x200.jpg 300w\" sizes=\"auto, (max-width: 609px) 100vw, 609px\" \/><\/p>\n<p>Za wielkie wyr\u00f3\u017cnienie dla stra\u017cak\u00f3w uzna\u0142 wyjazd do Parlamentu Europejskiego w Brukseli na zaproszenie Europos\u0142a p. Jaros\u0142awa Kalinowskiego. Serdecznie podzi\u0119kowa\u0142 stra\u017cakom za ich zaanga\u017cowanie w codziennej dzia\u0142alno\u015bci Jednostki i olbrzymi wk\u0142ad w przygotowanie uroczysto\u015bci obchod\u00f3w Jubileuszu.<\/p>\n<p><img loading=\"lazy\" decoding=\"async\" class=\"aligncenter size-full wp-image-21600\" src=\"http:\/\/info.sadowne.pl\/wp-content\/uploads\/2019\/12\/2019.12.23.4.jpg\" alt=\"\" width=\"609\" height=\"407\" srcset=\"https:\/\/info.sadowne.pl\/wp-content\/uploads\/2019\/12\/2019.12.23.4.jpg 609w, https:\/\/info.sadowne.pl\/wp-content\/uploads\/2019\/12\/2019.12.23.4-300x200.jpg 300w\" sizes=\"auto, (max-width: 609px) 100vw, 609px\" \/><\/p>\n<p>Du\u017cym zaszczytem dla stra\u017cak\u00f3w by\u0142o przyj\u0119cie zaproszenia na spotkanie wigilijne przez w\u00f3jta gminy Sadowne p. Waldemara Cyrana, b\u0119d\u0105cego jednocze\u015bnie prezesem Zarz\u0105du Gminnego Zwi\u0105zku OSP. Bardzo wysoko oceni\u0142 on postaw\u0119 wilczog\u0119bskich stra\u017cak\u00f3w, podkre\u015blaj\u0105c, \u017ce zawsze mo\u017cna na nich liczy\u0107. Zwr\u00f3ci\u0142 uwag\u0119, \u017ce ich dzia\u0142alno\u015b\u0107 jest bardzo pozytywnie oceniana szeroko poza gmin\u0105, czego dowodem by\u0142 udzia\u0142 przedstawicieli wysokiego szczebla w tegorocznych obchodach 100-lecia Jednostki oraz przyznane jej i stra\u017cakom odznaczenia, medale i wyr\u00f3\u017cnienia.<\/p>\n<p><img loading=\"lazy\" decoding=\"async\" class=\"aligncenter size-full wp-image-21601\" src=\"http:\/\/info.sadowne.pl\/wp-content\/uploads\/2019\/12\/2019.12.23.5.jpg\" alt=\"\" width=\"609\" height=\"407\" srcset=\"https:\/\/info.sadowne.pl\/wp-content\/uploads\/2019\/12\/2019.12.23.5.jpg 609w, https:\/\/info.sadowne.pl\/wp-content\/uploads\/2019\/12\/2019.12.23.5-300x200.jpg 300w\" sizes=\"auto, (max-width: 609px) 100vw, 609px\" \/><\/p>\n<p>Najwa\u017cniejszym momentem spotkania wigilijnego by\u0142o \u0142amanie si\u0119 op\u0142atkiem i sk\u0142adanie sobie przez druhny i druh\u00f3w \u017cycze\u0144 z okazji nadchodz\u0105cych \u015awi\u0105t Bo\u017cego Narodzenia.<\/p>\n<p><img loading=\"lazy\" decoding=\"async\" class=\"aligncenter size-full wp-image-21602\" src=\"http:\/\/info.sadowne.pl\/wp-content\/uploads\/2019\/12\/2019.12.23.6.jpg\" alt=\"\" width=\"609\" height=\"407\" srcset=\"https:\/\/info.sadowne.pl\/wp-content\/uploads\/2019\/12\/2019.12.23.6.jpg 609w, https:\/\/info.sadowne.pl\/wp-content\/uploads\/2019\/12\/2019.12.23.6-300x200.jpg 300w\" sizes=\"auto, (max-width: 609px) 100vw, 609px\" \/><\/p>\n<p>A potem, ju\u017c przy stole, w przerwach mi\u0119dzy kolejnymi daniami, przyszed\u0142 czas na wspomnienia o wydarzeniach mijaj\u0105cego roku i przekomarzanie si\u0119 kto zrobi\u0142 co najlepiej, a komu czasami nie dopisa\u0142o szcz\u0119\u015bcie. A tyle si\u0119 dzia\u0142o w tym roku w Wilczog\u0119bach w 100. rocznic\u0119 utworzenia OSP.<\/p>\n<p><img loading=\"lazy\" decoding=\"async\" class=\"aligncenter size-full wp-image-21603\" src=\"http:\/\/info.sadowne.pl\/wp-content\/uploads\/2019\/12\/2019.12.23.7.jpg\" alt=\"\" width=\"588\" height=\"881\" srcset=\"https:\/\/info.sadowne.pl\/wp-content\/uploads\/2019\/12\/2019.12.23.7.jpg 588w, https:\/\/info.sadowne.pl\/wp-content\/uploads\/2019\/12\/2019.12.23.7-200x300.jpg 200w\" sizes=\"auto, (max-width: 588px) 100vw, 588px\" \/><\/p>\n<p>Pierwsz\u0105 po\u0142ow\u0119 2019 r. zdominowa\u0142y przygotowania do Jubileuszu. Co dwa-trzy tygodnie, a im bli\u017cej by\u0142o 30 czerwca nawet cz\u0119\u015bciej, spotyka\u0142 si\u0119 Zarz\u0105d i mieszka\u0144cy Wilczog\u0105b, aby ocenia\u0107 post\u0119p przygotowa\u0144 i planowa\u0107 kolejne dzia\u0142ania.<\/p>\n<p><img loading=\"lazy\" decoding=\"async\" class=\"aligncenter size-full wp-image-21604\" src=\"http:\/\/info.sadowne.pl\/wp-content\/uploads\/2019\/12\/2019.12.23.8.jpg\" alt=\"\" width=\"609\" height=\"407\" srcset=\"https:\/\/info.sadowne.pl\/wp-content\/uploads\/2019\/12\/2019.12.23.8.jpg 609w, https:\/\/info.sadowne.pl\/wp-content\/uploads\/2019\/12\/2019.12.23.8-300x200.jpg 300w\" sizes=\"auto, (max-width: 609px) 100vw, 609px\" \/><\/p>\n<p>Trzeba by\u0142o opracowa\u0107 program obchod\u00f3w 100-lecia, przygotowa\u0107 list\u0119 go\u015bci, przekaza\u0107 zaproszenia, prze\u0107wiczy\u0107 musztr\u0119 i scenariusz uroczysto\u015bci, zapewni\u0107 catering. Opraw\u0105 muzyczn\u0105 zaj\u0105\u0142 si\u0119 Zesp\u00f3\u0142 Akord powsta\u0142y przy OSP Wilczog\u0119by.<\/p>\n<p><img loading=\"lazy\" decoding=\"async\" class=\"aligncenter size-full wp-image-21605\" src=\"http:\/\/info.sadowne.pl\/wp-content\/uploads\/2019\/12\/2019.12.23.9.jpg\" alt=\"\" width=\"609\" height=\"407\" srcset=\"https:\/\/info.sadowne.pl\/wp-content\/uploads\/2019\/12\/2019.12.23.9.jpg 609w, https:\/\/info.sadowne.pl\/wp-content\/uploads\/2019\/12\/2019.12.23.9-300x200.jpg 300w\" sizes=\"auto, (max-width: 609px) 100vw, 609px\" \/><\/p>\n<p>Dzi\u0119ki pomocy rodzin stra\u017cak\u00f3w i mieszka\u0144c\u00f3w wsi uda\u0142o si\u0119 zebra\u0107 zdj\u0119cia i dokumenty z przesz\u0142o\u015bci i opracowa\u0107 histori\u0119 Jednostki, kt\u00f3r\u0105 zapisano w Ksi\u0119dze Pami\u0105tkowej.<\/p>\n<p><img loading=\"lazy\" decoding=\"async\" class=\"aligncenter size-full wp-image-21606\" src=\"http:\/\/info.sadowne.pl\/wp-content\/uploads\/2019\/12\/2019.12.23.10.jpg\" alt=\"\" width=\"609\" height=\"407\" srcset=\"https:\/\/info.sadowne.pl\/wp-content\/uploads\/2019\/12\/2019.12.23.10.jpg 609w, https:\/\/info.sadowne.pl\/wp-content\/uploads\/2019\/12\/2019.12.23.10-300x200.jpg 300w\" sizes=\"auto, (max-width: 609px) 100vw, 609px\" \/><\/p>\n<p>Tydzie\u0144 przed g\u0142\u00f3wnymi uroczysto\u015bciami stra\u017cacy wraz z dzie\u0107mi i rodzinami odwiedzili cmentarz w Sadownem i zapalili znicze na grobach druh\u00f3w, kt\u00f3rzy ju\u017c odeszli do \u015bw. Floriana.<\/p>\n<p><img loading=\"lazy\" decoding=\"async\" class=\"aligncenter size-full wp-image-21607\" src=\"http:\/\/info.sadowne.pl\/wp-content\/uploads\/2019\/12\/2019.12.23.11.jpg\" alt=\"\" width=\"609\" height=\"407\" srcset=\"https:\/\/info.sadowne.pl\/wp-content\/uploads\/2019\/12\/2019.12.23.11.jpg 609w, https:\/\/info.sadowne.pl\/wp-content\/uploads\/2019\/12\/2019.12.23.11-300x200.jpg 300w\" sizes=\"auto, (max-width: 609px) 100vw, 609px\" \/><\/p>\n<p>R\u00f3wnolegle przez ca\u0142y czas trwa\u0142y prace renowacyjne w remizie i jej otoczeniu, odnowiono sztandar i postawiono nowy maszt. Przed remiz\u0105 pojawi\u0142 si\u0119 nowy kamie\u0144 pami\u0105tkowy i tablica informacyjna. Po raz pierwszy od ponad 85 lat zosta\u0142o wykonane zdj\u0119cie ca\u0142ej Jednostki ze sztandarem, kt\u00f3re razem z pierwszym z 1923 r. zawis\u0142o na honorowym miejscu w remizie.<\/p>\n<p><img loading=\"lazy\" decoding=\"async\" class=\"aligncenter size-full wp-image-21608\" src=\"http:\/\/info.sadowne.pl\/wp-content\/uploads\/2019\/12\/2019.12.23.12.jpg\" alt=\"\" width=\"609\" height=\"407\" srcset=\"https:\/\/info.sadowne.pl\/wp-content\/uploads\/2019\/12\/2019.12.23.12.jpg 609w, https:\/\/info.sadowne.pl\/wp-content\/uploads\/2019\/12\/2019.12.23.12-300x200.jpg 300w\" sizes=\"auto, (max-width: 609px) 100vw, 609px\" \/><\/p>\n<p>30 czerwca 2019 r., kiedy dostojni go\u015bcie i mieszka\u0144cy okolicznych wiosek zawitali w progi remizy, stra\u017cacy i mieszka\u0144cy Wilczog\u0105b mogli by\u0107 dumni, \u017ce zrobili wszystko, aby przywita\u0107 ich jak najlepiej. To by\u0142o naprawd\u0119 \u015bwi\u0119to ca\u0142ej wsi.<\/p>\n<p>Ale mimo nawa\u0142u zaj\u0119\u0107 zwi\u0105zanych z Jubileuszem, stra\u017cacy z Wilczog\u0105b nie tylko nie zaniedbywali swoich podstawowych obowi\u0105zk\u00f3w, ale dodatkowo organizowali r\u00f3\u017cne imprezy dla mieszka\u0144c\u00f3w wsi.<\/p>\n<p><img loading=\"lazy\" decoding=\"async\" class=\"aligncenter size-full wp-image-21609\" src=\"http:\/\/info.sadowne.pl\/wp-content\/uploads\/2019\/12\/2019.12.23.13.jpg\" alt=\"\" width=\"609\" height=\"407\" srcset=\"https:\/\/info.sadowne.pl\/wp-content\/uploads\/2019\/12\/2019.12.23.13.jpg 609w, https:\/\/info.sadowne.pl\/wp-content\/uploads\/2019\/12\/2019.12.23.13-300x200.jpg 300w\" sizes=\"auto, (max-width: 609px) 100vw, 609px\" \/><\/p>\n<p>Sukcesem dla wilczog\u0119bskich stra\u017cak\u00f3w by\u0142 powr\u00f3t po d\u0142u\u017cszej przerwie na podium podczas gminnych zawod\u00f3w po\u017carniczych w Szynkarzy\u017anie.<\/p>\n<p><img loading=\"lazy\" decoding=\"async\" class=\"aligncenter size-full wp-image-21610\" src=\"http:\/\/info.sadowne.pl\/wp-content\/uploads\/2019\/12\/2019.12.23.14.jpg\" alt=\"\" width=\"609\" height=\"407\" srcset=\"https:\/\/info.sadowne.pl\/wp-content\/uploads\/2019\/12\/2019.12.23.14.jpg 609w, https:\/\/info.sadowne.pl\/wp-content\/uploads\/2019\/12\/2019.12.23.14-300x200.jpg 300w\" sizes=\"auto, (max-width: 609px) 100vw, 609px\" \/><\/p>\n<p>W ci\u0105gu ca\u0142ego roku stra\u017cacy organizowali obchody wa\u017cnych rocznic dla wsi: ka\u017ani w remizie 31 maja 1944 r., zako\u0144czenia dzia\u0142alno\u015bci szko\u0142y 20 czerwca 1974 r., spalenia wsi 22 sierpnia 1944 r.<\/p>\n<p><img loading=\"lazy\" decoding=\"async\" class=\"aligncenter size-full wp-image-21611\" src=\"http:\/\/info.sadowne.pl\/wp-content\/uploads\/2019\/12\/2019.12.23.15.jpg\" alt=\"\" width=\"609\" height=\"407\" srcset=\"https:\/\/info.sadowne.pl\/wp-content\/uploads\/2019\/12\/2019.12.23.15.jpg 609w, https:\/\/info.sadowne.pl\/wp-content\/uploads\/2019\/12\/2019.12.23.15-300x200.jpg 300w\" sizes=\"auto, (max-width: 609px) 100vw, 609px\" \/><\/p>\n<p>Brali udzia\u0142 w gminnych uroczysto\u015bciach Dnia Stra\u017caka i \u015awi\u0119ta Niepodleg\u0142o\u015bci. \u015awi\u0119towali z OSP Sadowne ich 100-lecie. Wilczog\u0119bski stra\u017cak \u0141ukasz Biernat wraz z ma\u0142\u017conk\u0105 Dorot\u0105 byli gospodarzami tegorocznych gminnych do\u017cynek.<\/p>\n<p><img loading=\"lazy\" decoding=\"async\" class=\"aligncenter size-full wp-image-21612\" src=\"http:\/\/info.sadowne.pl\/wp-content\/uploads\/2019\/12\/2019.12.23.16.jpg\" alt=\"\" width=\"609\" height=\"407\" srcset=\"https:\/\/info.sadowne.pl\/wp-content\/uploads\/2019\/12\/2019.12.23.16.jpg 609w, https:\/\/info.sadowne.pl\/wp-content\/uploads\/2019\/12\/2019.12.23.16-300x200.jpg 300w\" sizes=\"auto, (max-width: 609px) 100vw, 609px\" \/><\/p>\n<p>Du\u017co uwagi stra\u017cacy z OSP Wilczog\u0119by po\u015bwi\u0119cili dzieciom i m\u0142odzie\u017cy ze wsi. Nie tylko anga\u017cowali je przy Jubileuszu i innych uroczysto\u015bciach rocznicowych, ale te\u017c zorganizowali specjalnie dla nich Dzie\u0144 Dziecka i Po\u017cegnanie Lata w remizie. Od wielu lat nie by\u0142o w wsi imprezy, na kt\u00f3rej bawi\u0142yby si\u0119 razem wszystkie dzieci.<\/p>\n<p>Ale najwa\u017cniejsze by\u0142o to, \u017ce tak jak 100 lat temu, wilczog\u0119bscy stra\u017cacy byli zawsze gotowi pomaga\u0107 we wszystkim swoim wsp\u00f3\u0142ziomkom, tym bardziej, \u017ce w ka\u017cdej tutejszej rodzinie zawsze stra\u017cak by\u0142 albo jest dzisiaj.<\/p>\n<p><img loading=\"lazy\" decoding=\"async\" class=\"aligncenter size-full wp-image-21613\" src=\"http:\/\/info.sadowne.pl\/wp-content\/uploads\/2019\/12\/2019.12.23.17.jpg\" alt=\"\" width=\"609\" height=\"412\" srcset=\"https:\/\/info.sadowne.pl\/wp-content\/uploads\/2019\/12\/2019.12.23.17.jpg 609w, https:\/\/info.sadowne.pl\/wp-content\/uploads\/2019\/12\/2019.12.23.17-300x203.jpg 300w\" sizes=\"auto, (max-width: 609px) 100vw, 609px\" \/><\/p>\n<p><span style=\"color: #0000ff;\"><strong>Z okazji zbli\u017caj\u0105cych si\u0119 \u015awi\u0105t Bo\u017cego Narodzenia i Nowego 2020 Roku prosz\u0119 przyj\u0105\u0107 od stra\u017cak\u00f3w z OSP Wilczog\u0119by \u017cyczenia zdrowia, szcz\u0119\u015bcia i wszelkiej pomy\u015blno\u015bci i oby nie zdarza\u0142y si\u0119 sytuacje, kiedy ich pomoc by\u0142aby niezb\u0119dna.<\/strong><\/span><\/p>\n<p><strong>Tekst\/foto:<\/strong> Stanis\u0142aw Stebelski<\/p>\n","protected":false},"excerpt":{"rendered":"<p>Wigilia w remizie.\u00a0<\/p>\n","protected":false},"author":1,"featured_media":0,"comment_status":"closed","ping_status":"closed","sticky":false,"template":"","format":"standard","meta":{"footnotes":""},"categories":[5,2397,4,267],"tags":[3269,3268,25,3270,912,614],"class_list":["post-21596","post","type-post","status-publish","format-standard","hentry","category-newsy","category-osp-wilczogeby","category-policja-straz-pozarna-pogotowie-ratunkowe","category-straz-pozarna-policja-straz-pozarna-pogotowie-ratunkowe","tag-100-lecie-osp-w-wilczogebach","tag-osp-w-wilczogebach","tag-sadowne","tag-wigilia-w-osp-wilczogeby","tag-wilczogeby","tag-wojt-gminy-sadowne"],"views":3569,"_links":{"self":[{"href":"https:\/\/info.sadowne.pl\/index.php?rest_route=\/wp\/v2\/posts\/21596","targetHints":{"allow":["GET"]}}],"collection":[{"href":"https:\/\/info.sadowne.pl\/index.php?rest_route=\/wp\/v2\/posts"}],"about":[{"href":"https:\/\/info.sadowne.pl\/index.php?rest_route=\/wp\/v2\/types\/post"}],"author":[{"embeddable":true,"href":"https:\/\/info.sadowne.pl\/index.php?rest_route=\/wp\/v2\/users\/1"}],"replies":[{"embeddable":true,"href":"https:\/\/info.sadowne.pl\/index.php?rest_route=%2Fwp%2Fv2%2Fcomments&post=21596"}],"version-history":[{"count":1,"href":"https:\/\/info.sadowne.pl\/index.php?rest_route=\/wp\/v2\/posts\/21596\/revisions"}],"predecessor-version":[{"id":21614,"href":"https:\/\/info.sadowne.pl\/index.php?rest_route=\/wp\/v2\/posts\/21596\/revisions\/21614"}],"wp:attachment":[{"href":"https:\/\/info.sadowne.pl\/index.php?rest_route=%2Fwp%2Fv2%2Fmedia&parent=21596"}],"wp:term":[{"taxonomy":"category","embeddable":true,"href":"https:\/\/info.sadowne.pl\/index.php?rest_route=%2Fwp%2Fv2%2Fcategories&post=21596"},{"taxonomy":"post_tag","embeddable":true,"href":"https:\/\/info.sadowne.pl\/index.php?rest_route=%2Fwp%2Fv2%2Ftags&post=21596"}],"curies":[{"name":"wp","href":"https:\/\/api.w.org\/{rel}","templated":true}]}}