{"id":21658,"date":"2020-01-12T17:17:06","date_gmt":"2020-01-12T16:17:06","guid":{"rendered":"http:\/\/info.sadowne.pl\/?p=21658"},"modified":"2021-09-01T21:07:57","modified_gmt":"2021-09-01T19:07:57","slug":"niezwykly-noworoczny-spacerek-z-kijkami","status":"publish","type":"post","link":"https:\/\/info.sadowne.pl\/?p=21658","title":{"rendered":"Niezwyk\u0142y Noworoczny \u201espacerek z kijkami\u201d"},"content":{"rendered":"<p><strong><a href=\"http:\/\/info.sadowne.pl\/wp-content\/uploads\/2020\/01\/2020.01.12.1.jpg\" target=\"_blank\" rel=\"noopener noreferrer\"><img loading=\"lazy\" decoding=\"async\" class=\"alignleft wp-image-21659 size-thumbnail\" src=\"http:\/\/info.sadowne.pl\/wp-content\/uploads\/2020\/01\/2020.01.12.1-180x130.jpg\" alt=\"\" width=\"180\" height=\"130\" \/><\/a>Niedziela 12 stycznia 2020 r. by\u0142a super dniem na aktywny wypoczynek w \u201emi\u0142ych okoliczno\u015bciach przyrody\u201d. <\/strong><!--more--><\/p>\n<p>Przekona\u0142o si\u0119 o tym dwadzie\u015bcia czworo piechur\u00f3w, kt\u00f3rzy z \u201eorkiestrowymi serduszkami\u201d, z kijkami i humorem, stawili si\u0119 o 11.00 przed sadowie\u0144skim GOK-iem, by przekona\u0107 si\u0119 jak\u0105 tras\u0119 dzi\u015b dla nich przygotowali organizatorzy.<\/p>\n<p>A ci zwa\u017cyli, \u017ce pogoda dopisa\u0142a, bo niemal w po\u0142owie stycznia jest 4 stopnie na plusie, s\u0142onko\u00a0 ciep\u0142o si\u0119 u\u015bmiecha, nie pada, s\u0142abo wieje i postanowili ruszy\u0107 tras\u0105 z \u201ewyzwaniami\u201d. Spod Domu Kultury ruszyli\u015bmy ul. Ko\u015bciuszki do Grunwaldzkiej i ni\u0105 w las a\u017c do \u201ekrzy\u017c\u00f3wek\u201d. Te przeci\u0119li\u015bmy, by skrajem \u015bwie\u017cego, le\u015bnego zr\u0119bu, doj\u015b\u0107 do wiaty, niedawno os\u0142oni\u0119tej wok\u00f3\u0142 wysokim lasem, a dzi\u015b otoczonej bruzdami rozoranej ziemi i tam kilka minut poczekali\u015bmy na \u201emaruder\u00f3w i sp\u00f3\u017anialskich\u201d.<\/p>\n<p>Ju\u017c w komplecie pokonali\u015bmy le\u015bnymi bezdro\u017cami, wzd\u0142u\u017c krajowej \u201e50\u201d kolejny kilometr, by zatrzyma\u0107 si\u0119 w miejscu kultu. Ile\u017c tysi\u0119cy ludzi je\u017adzi t\u0105 tras\u0105 i pewnie tylko bardzo nieliczni dostrzeg\u0105, \u017ce z lewej, w kierunku Ziele\u0144ca, stoi w lesie \u017celiwny, czarny krzy\u017c z niewielk\u0105 kamienn\u0105 tablic\u0105, kt\u00f3ra upami\u0119tnia miejsce \u015bmiertelnego postrzelenia najwi\u0119kszego sadowie\u0144skiego bohatera z II wojny \u015bwiatowej &#8211; \u015bp. ppor. Henryka Ma\u0142ki\u0144skiego ps. \u201eKulesza\u201d. O jego losach przypomnia\u0142 nam towarzysz\u0105cy ostatnio naszym w\u0119dr\u00f3wkom prof. Krzysztof K\u0105dziela. Tu zapalili\u015bmy lampk\u0119 ku czci dow\u00f3dcy Armii Krajowej, kt\u00f3ry liczne bohaterskie \u017cycie, znaczone brawurowymi walkami z niemieckim okupantem zako\u0144czy\u0142, jako \u017co\u0142nierz LWP, \u015bmierci\u0105 we wrze\u015bniu 1944 r. z r\u0105k polskiego policjanta \u2013 c\u00f3\u017c historia czasem potrafi okrutnie zakpi\u0107.<\/p>\n<p>A dalej ruszyli\u015bmy, pocz\u0105tkowo wzd\u0142u\u017c szosy, a potem le\u015bnym duktem, skr\u00f3tami i krzakami, zaro\u015blami, ku Zielenieckim Wydmom. Tam kolejny przystanek na piaszczystym wzg\u00f3rku, co jak i wydmy ocala\u0142, bo pad\u0142 komunizm, z nim \u201eSilikaty\u201d i odarta z zieleni ziemia nie zosta\u0142a zredukowana do nudnej p\u0142aszczyzny, a pozosta\u0142a niezwyk\u0142\u0105 \u201epustyni\u0105\u201d w \u015brodku lasu. D\u0142u\u017csz\u0105 chwil\u0119 podziwiali\u015bmy niezwyk\u0142\u0105 panoram\u0119 piaszczystych 30 h wydm, otoczonych sosnowymi lasami. A tu\u017c obok kolejna przyrodnicza niezwyk\u0142o\u015b\u0107: \u201d Kules\u201d \u2013 polodowcowa niecka, dawne jezioro, zaro\u015bni\u0119te mokrad\u0142em z kikutami brz\u00f3zek.<\/p>\n<p>Widoki godne \u015blubnych, plenerowych zdj\u0119\u0107 i pono\u0107 tak ju\u017c cz\u0119sto wykorzystywane.<\/p>\n<p>Kolejny odcinek pokonali\u015bmy \u201egranic\u0105\u201d oddzielaj\u0105c\u0105 \u017c\u00f3\u0142tawe wydmy od ciemnych z bia\u0142ymi kikutami mokrade\u0142, by ponownie \u201ezanurzy\u0107 si\u0119\u201d w sosnowy b\u00f3r, przeci\u0105\u0107 \u201em\u0142odniak\u201d i doj\u015b\u0107, ju\u017c za \u201dSilikatami\u201d do drogi \u0142\u0105cz\u0105cej stacj\u0119 kolejow\u0105 z Sadownem. Tu zaledwie kilkaset metr\u00f3w przy asfalcie i odbili\u015bmy w prawo-skos, pod g\u00f3rk\u0119, w ledwie widoczn\u0105 le\u015bn\u0105 \u015bcie\u017ck\u0119, z niej w prawo w kolejny dukt pod \u201eObserwator\u201d. Tu zn\u00f3w post\u00f3j, bo kilkusetmetrowe podej\u015bcie mocno przy\u015bpieszy\u0142o oddechy, a i widok ze wzg\u00f3rza zach\u0119ca\u0142 do podziwiania. Jak zwykle, same \u201eprzysz\u0142y\u201d wspomnienia z lat, kiedy zimy, obfite w \u015bniegi, pozwala\u0142y na wycieczki tu z nartami i sankami, a g\u00f3rka \u201ezapewnia\u0142a\u201d widowiskowe upadki w \u015bnie\u017cne zaspy.<\/p>\n<p>Z \u201eObserwatora\u201d poszli\u015bmy pofa\u0142dowan\u0105 tras\u0105 ku \u201eStromej\u201d. Na niej kolejny przystanek, bo szybkie zej\u015bcie na wprost mog\u0142o zako\u0144czy\u0107 si\u0119 upadkami. I le\u015bna cisza, niezak\u0142\u00f3cana nawet odg\u0142osami z domostw Sadownego, co jakby u\u015bpione ledwie wygl\u0105da\u0142y zza \u015bciany lasu. \u00a0Cz\u0119\u015b\u0107 z nas (tych \u015bmielszych) zesz\u0142a stromizn\u0105 na wprost, cz\u0119\u015b\u0107 odbi\u0142a w lewo, by wzniesieniem \u0142agodnie zej\u015b\u0107 ni\u017cej. Ci ostatni mogli podziwia\u0107 \u015bwietne po\u0142o\u017cenie zabudowa\u0144 Draku, kt\u00f3rego rozrzucone dachy ci\u0105gn\u0119\u0142y si\u0119 wzd\u0142u\u017c dolinki Bojewki.<\/p>\n<p>Lasem rych\u0142o do tej dolinki doszli\u015bmy, a nad Bojewk\u0105 przeszli\u015bmy mostkiem po\u0142o\u017conym tu\u017c przy basenie. Chwilk\u0119 podumali\u015bmy c\u00f3\u017c i kiedy na miejscu tym powstanie, by s\u0142u\u017cy\u0107 mieszka\u0144com. Po\u0142o\u017cenie terenu tak malownicze, \u017ce \u017cal jak basen niszczeje i nic w jego miejsce nie powstaje.<\/p>\n<p>St\u0105d ju\u017c tylko kilkaset metr\u00f3w i przy le\u015bnicz\u00f3wkach, ju\u017c \u201eJeglem\u201d, doszli\u015bmy do polanki zagospodarowanej przez Ko\u0142o \u0141owieckie \u201e\u015bw. Huberta\u201d. Tu czeka\u0142o skrz\u0105ce iskrami ognisko i \u015br\u00f3dle\u015bna, my\u015bliwska chatka, kt\u00f3rej uroki pokaza\u0142 prof. K\u0105dziela.<\/p>\n<p>Po przej\u015bciu do\u015b\u0107 trudn\u0105, urozmaicon\u0105 tras\u0105, prawie 9-ciokilometrow\u0105, zupe\u0142nie inaczej smakowa\u0142a niby zwyk\u0142a kawa, herbata, kie\u0142baski, dro\u017cd\u017cowe ciasta i aromatyczne \u201eco nieco\u201d serwowane przy ognisku przez p. Dyrektor GOK-u.<\/p>\n<p>Pe\u0142ni wra\u017ce\u0144, dotlenieni, z mn\u00f3stwem endorfin w \u015brodku i pi\u0119knych pejza\u017cy pod powiekami wr\u00f3cili\u015bmy zaledwie po 3. godzinach do dom\u00f3w ze \u015bwiadomo\u015bci\u0105, \u017ce to one \u015bwiadczy\u0142y o prze\u017cyciu ciekawej, pe\u0142nej wra\u017ce\u0144 niedzieli.<\/p>\n<p><span style=\"color: #0000ff;\"><a style=\"color: #0000ff;\" href=\"https:\/\/photos.app.goo.gl\/kZ9AQNVQLbKBBUNb9\" target=\"_blank\" rel=\"noopener noreferrer\"><strong>Zdj\u0119cia w galerii Google&gt;&gt;&gt;<\/strong><\/a><\/span><\/p>\n<p><strong>Tekst:<\/strong> RW<\/p>\n<p><strong>Foto: <\/strong>RW\/EP<\/p>\n","protected":false},"excerpt":{"rendered":"<p>Niedziela 12 stycznia 2020 r. by\u0142a super dniem na aktywny wypoczynek w \u201emi\u0142ych okoliczno\u015bciach przyrody\u201d.<\/p>\n","protected":false},"author":1,"featured_media":0,"comment_status":"closed","ping_status":"closed","sticky":false,"template":"","format":"standard","meta":{"footnotes":""},"categories":[5,91,6,3627],"tags":[169,2617,2996,907],"class_list":["post-21658","post","type-post","status-publish","format-standard","hentry","category-newsy","category-gminny-osrodek-kultury","category-kultura-rozrywka-edukacja","category-nordic-walking","tag-gminny-osrodek-kultury-w-sadownem","tag-marsz-nordic-walking-w-sadownem","tag-noworoczny-marsz-nordic-walking","tag-rekreacja-2"],"views":2404,"_links":{"self":[{"href":"https:\/\/info.sadowne.pl\/index.php?rest_route=\/wp\/v2\/posts\/21658","targetHints":{"allow":["GET"]}}],"collection":[{"href":"https:\/\/info.sadowne.pl\/index.php?rest_route=\/wp\/v2\/posts"}],"about":[{"href":"https:\/\/info.sadowne.pl\/index.php?rest_route=\/wp\/v2\/types\/post"}],"author":[{"embeddable":true,"href":"https:\/\/info.sadowne.pl\/index.php?rest_route=\/wp\/v2\/users\/1"}],"replies":[{"embeddable":true,"href":"https:\/\/info.sadowne.pl\/index.php?rest_route=%2Fwp%2Fv2%2Fcomments&post=21658"}],"version-history":[{"count":1,"href":"https:\/\/info.sadowne.pl\/index.php?rest_route=\/wp\/v2\/posts\/21658\/revisions"}],"predecessor-version":[{"id":21660,"href":"https:\/\/info.sadowne.pl\/index.php?rest_route=\/wp\/v2\/posts\/21658\/revisions\/21660"}],"wp:attachment":[{"href":"https:\/\/info.sadowne.pl\/index.php?rest_route=%2Fwp%2Fv2%2Fmedia&parent=21658"}],"wp:term":[{"taxonomy":"category","embeddable":true,"href":"https:\/\/info.sadowne.pl\/index.php?rest_route=%2Fwp%2Fv2%2Fcategories&post=21658"},{"taxonomy":"post_tag","embeddable":true,"href":"https:\/\/info.sadowne.pl\/index.php?rest_route=%2Fwp%2Fv2%2Ftags&post=21658"}],"curies":[{"name":"wp","href":"https:\/\/api.w.org\/{rel}","templated":true}]}}