{"id":21715,"date":"2020-01-21T19:59:45","date_gmt":"2020-01-21T18:59:45","guid":{"rendered":"http:\/\/info.sadowne.pl\/?p=21715"},"modified":"2020-01-22T10:24:29","modified_gmt":"2020-01-22T09:24:29","slug":"o-szlachetnym-czlowieku","status":"publish","type":"post","link":"https:\/\/info.sadowne.pl\/?p=21715","title":{"rendered":"O szlachetnym cz\u0142owieku\u2026"},"content":{"rendered":"<p><strong><a href=\"http:\/\/info.sadowne.pl\/wp-content\/uploads\/2020\/01\/2020.01.21.1.jpg\"><img loading=\"lazy\" decoding=\"async\" class=\"alignleft size-thumbnail wp-image-21716\" src=\"http:\/\/info.sadowne.pl\/wp-content\/uploads\/2020\/01\/2020.01.21.1-180x130.jpg\" alt=\"\" width=\"180\" height=\"130\" \/><\/a>By\u0142a to opowie\u015b\u0107 o bohaterze, aptekarzu, kt\u00f3rego znali osobi\u015bcie mieszka\u0144cy Sadownego i okolic. By\u0142a to opowie\u015b\u0107 o Kazimierzu Stefanowiczu.<\/strong><!--more--><\/p>\n<p>Zgodnie z zapowiedzi\u0105, we wtorkowe popo\u0142udnie 21 stycznia w Gminnym O\u015brodku Kultury w Sadownem odby\u0142o si\u0119 spotkanie, podczas kt\u00f3rego jego uczestnicy mieli okazj\u0119 zapozna\u0107 si\u0119 z \u201edrog\u0105\u201d &#8211; poprzez Zambr\u00f3w, Dachau, Gusen, do Sadownego \u2013 by\u0142ego mieszka\u0144ca naszej miejscowo\u015bci Kazimierza Stefanowicza.<\/p>\n<p>Po powitaniu przyby\u0142ych na spotkanie przez p. Dyrektor GOK-u Ew\u0119 Pi\u00f3rkowsk\u0105, \u00a0p. S\u0142awomir Akonom wcieli\u0142 si\u0119 kolejny raz w rol\u0119 prelegenta i przedstawi\u0142 zebranym przygotowan\u0105 przez siebie prezentacj\u0119 multimedialn\u0105 o \u015b.p. Kazimierzu Stefanowiczu, sadowie\u0144skim aptekarzu, bohaterze okresu II wojny \u015bwiatowej i lat powojennych. Na pewno znali go osobi\u015bcie starsi mieszka\u0144cy Sadownego i okolic, a m\u0142odsi mog\u0105 kojarzy\u0107 Go jako patrona jednej z ulic Sadownego.<\/p>\n<p>Przedstawiona prezentacja nosi\u0142a tytu\u0142: \u201eKazimierz Stefanowicz \u2013 1914-1986. Opowie\u015b\u0107 o szlachetnym cz\u0142owieku\u201d, a jej uzupe\u0142nieniem by\u0142a wystawa o \u017cyciu bohatera pt. \u201eKazimierz Stefanowicz \u2013 magister farmacji\u201d, kt\u00f3r\u0105 przygotowa\u0142 Gminny O\u015brodek Kultury w Sadownem, prezentuj\u0105c w niej przekazane przez p. S\u0142awomira Akonoma zdj\u0119cia swojego autorstwa, a tak\u017ce pochodz\u0105ce ze zbior\u00f3w Rodziny Stefanowicz\u00f3w i Internetu.<\/p>\n<p><strong><a href=\"https:\/\/photos.app.goo.gl\/CLjCYQtFrjUFa4Jr5\" target=\"_blank\" rel=\"noopener noreferrer\">Zdj\u0119cia w galerii Google&gt;&gt;&gt;\u00a0\u00a0<\/a>\u00a0\u00a0\u00a0\u00a0\u00a0\u00a0\u00a0\u00a0\u00a0\u00a0\u00a0\u00a0\u00a0\u00a0\u00a0\u00a0\u00a0\u00a0\u00a0\u00a0\u00a0\u00a0\u00a0\u00a0\u00a0\u00a0\u00a0\u00a0\u00a0\u00a0\u00a0\u00a0\u00a0\u00a0\u00a0\u00a0\u00a0\u00a0\u00a0\u00a0\u00a0\u00a0\u00a0\u00a0\u00a0\u00a0\u00a0\u00a0\u00a0\u00a0\u00a0\u00a0\u00a0\u00a0\u00a0\u00a0\u00a0\u00a0\u00a0\u00a0\u00a0\u00a0\u00a0\u00a0\u00a0\u00a0\u00a0\u00a0\u00a0\u00a0\u00a0\u00a0\u00a0\u00a0\u00a0\u00a0\u00a0\u00a0\u00a0 <\/strong><\/p>\n<p><strong>Tekst\/foto:<\/strong> S\u0142awek Chyli\u0144ski<\/p>\n","protected":false},"excerpt":{"rendered":"<p>By\u0142a to opowie\u015b\u0107 o bohaterze, aptekarzu, kt\u00f3rego znali osobi\u015bcie mieszka\u0144cy Sadownego i okolic. By\u0142a to opowie\u015b\u0107 o Kazimierzu Stefanowiczu.<\/p>\n","protected":false},"author":1,"featured_media":0,"comment_status":"closed","ping_status":"closed","sticky":false,"template":"","format":"standard","meta":{"footnotes":""},"categories":[5,91,6],"tags":[169,2201,3279,1995],"class_list":["post-21715","post","type-post","status-publish","format-standard","hentry","category-newsy","category-gminny-osrodek-kultury","category-kultura-rozrywka-edukacja","tag-gminny-osrodek-kultury-w-sadownem","tag-kazimierz-stefanowicz","tag-prezentacja-multimedialna-kazimierz-stefanowicz-magister-farmacji","tag-slawomir-akonom"],"views":2855,"_links":{"self":[{"href":"https:\/\/info.sadowne.pl\/index.php?rest_route=\/wp\/v2\/posts\/21715","targetHints":{"allow":["GET"]}}],"collection":[{"href":"https:\/\/info.sadowne.pl\/index.php?rest_route=\/wp\/v2\/posts"}],"about":[{"href":"https:\/\/info.sadowne.pl\/index.php?rest_route=\/wp\/v2\/types\/post"}],"author":[{"embeddable":true,"href":"https:\/\/info.sadowne.pl\/index.php?rest_route=\/wp\/v2\/users\/1"}],"replies":[{"embeddable":true,"href":"https:\/\/info.sadowne.pl\/index.php?rest_route=%2Fwp%2Fv2%2Fcomments&post=21715"}],"version-history":[{"count":3,"href":"https:\/\/info.sadowne.pl\/index.php?rest_route=\/wp\/v2\/posts\/21715\/revisions"}],"predecessor-version":[{"id":21719,"href":"https:\/\/info.sadowne.pl\/index.php?rest_route=\/wp\/v2\/posts\/21715\/revisions\/21719"}],"wp:attachment":[{"href":"https:\/\/info.sadowne.pl\/index.php?rest_route=%2Fwp%2Fv2%2Fmedia&parent=21715"}],"wp:term":[{"taxonomy":"category","embeddable":true,"href":"https:\/\/info.sadowne.pl\/index.php?rest_route=%2Fwp%2Fv2%2Fcategories&post=21715"},{"taxonomy":"post_tag","embeddable":true,"href":"https:\/\/info.sadowne.pl\/index.php?rest_route=%2Fwp%2Fv2%2Ftags&post=21715"}],"curies":[{"name":"wp","href":"https:\/\/api.w.org\/{rel}","templated":true}]}}