{"id":21750,"date":"2020-01-24T21:32:29","date_gmt":"2020-01-24T20:32:29","guid":{"rendered":"http:\/\/info.sadowne.pl\/?p=21750"},"modified":"2020-01-24T21:32:29","modified_gmt":"2020-01-24T20:32:29","slug":"premiera-juz-za-nami","status":"publish","type":"post","link":"https:\/\/info.sadowne.pl\/?p=21750","title":{"rendered":"PREMIERA JU\u017b ZA NAMI"},"content":{"rendered":"<p><strong><a href=\"http:\/\/info.sadowne.pl\/wp-content\/uploads\/2020\/01\/2020.01.24-228.jpg\" target=\"_blank\" rel=\"noopener noreferrer\"><img loading=\"lazy\" decoding=\"async\" class=\"alignleft wp-image-21751 size-thumbnail\" src=\"http:\/\/info.sadowne.pl\/wp-content\/uploads\/2020\/01\/2020.01.24-228-180x130.jpg\" alt=\"\" width=\"180\" height=\"130\" \/><\/a>24 stycznia 2020 r. w sali widowiskowej GOK-u odby\u0142a si\u0119 premiera dw\u00f3ch przedstawie\u0144. By\u0142y to: \u201eBajkowy kogel \u2013 mogel\u201d oraz \u201eKopciuszek na sportowo\u201d. <\/strong><!--more--><\/p>\n<p>Wyst\u0119p Aktorzy dedykowali swoim Babciom i Dziadkom, kt\u00f3rzy kilka dni temu obchodzili swoje \u015awi\u0119ta. Dzieci spisa\u0142y si\u0119 \u015bwietnie. Przed tak liczn\u0105 publiczno\u015bci\u0105 zaprezentowali swoje umiej\u0119tno\u015bci aktorskie, a te z przedstawienia na przedstawienie s\u0105 coraz wi\u0119ksze.<\/p>\n<p>Reakcje publiczno\u015bci, zar\u00f3wno tej m\u0142odszej, jak i nieco starszej, \u015bwiadcz\u0105, \u017ce dokonali\u015bmy trafnego wyboru repertuaru.<\/p>\n<p><strong>Danuta Chyli\u0144ska<\/strong><\/p>\n<p><span style=\"color: #0000ff;\"><a style=\"color: #0000ff;\" href=\"https:\/\/photos.app.goo.gl\/xVXZHePSrHAnyppu9\" target=\"_blank\" rel=\"noopener noreferrer\"><strong>Zdj\u0119cia w galerii Google&gt;&gt;&gt;<\/strong><\/a><\/span><\/p>\n","protected":false},"excerpt":{"rendered":"<p>24 stycznia 2020 r. w sali widowiskowej GOK-u odby\u0142a si\u0119 premiera dw\u00f3ch przedstawie\u0144. By\u0142y to: \u201eBajkowy kogel \u2013 mogel\u201d oraz \u201eKopciuszek na sportowo\u201d.<\/p>\n","protected":false},"author":1,"featured_media":0,"comment_status":"closed","ping_status":"closed","sticky":false,"template":"","format":"standard","meta":{"footnotes":""},"categories":[5,91,6],"tags":[169,2931,3289,37],"class_list":["post-21750","post","type-post","status-publish","format-standard","hentry","category-newsy","category-gminny-osrodek-kultury","category-kultura-rozrywka-edukacja","tag-gminny-osrodek-kultury-w-sadownem","tag-grupa-teatralna-baj","tag-premiera","tag-teatr"],"views":2471,"_links":{"self":[{"href":"https:\/\/info.sadowne.pl\/index.php?rest_route=\/wp\/v2\/posts\/21750","targetHints":{"allow":["GET"]}}],"collection":[{"href":"https:\/\/info.sadowne.pl\/index.php?rest_route=\/wp\/v2\/posts"}],"about":[{"href":"https:\/\/info.sadowne.pl\/index.php?rest_route=\/wp\/v2\/types\/post"}],"author":[{"embeddable":true,"href":"https:\/\/info.sadowne.pl\/index.php?rest_route=\/wp\/v2\/users\/1"}],"replies":[{"embeddable":true,"href":"https:\/\/info.sadowne.pl\/index.php?rest_route=%2Fwp%2Fv2%2Fcomments&post=21750"}],"version-history":[{"count":1,"href":"https:\/\/info.sadowne.pl\/index.php?rest_route=\/wp\/v2\/posts\/21750\/revisions"}],"predecessor-version":[{"id":21752,"href":"https:\/\/info.sadowne.pl\/index.php?rest_route=\/wp\/v2\/posts\/21750\/revisions\/21752"}],"wp:attachment":[{"href":"https:\/\/info.sadowne.pl\/index.php?rest_route=%2Fwp%2Fv2%2Fmedia&parent=21750"}],"wp:term":[{"taxonomy":"category","embeddable":true,"href":"https:\/\/info.sadowne.pl\/index.php?rest_route=%2Fwp%2Fv2%2Fcategories&post=21750"},{"taxonomy":"post_tag","embeddable":true,"href":"https:\/\/info.sadowne.pl\/index.php?rest_route=%2Fwp%2Fv2%2Ftags&post=21750"}],"curies":[{"name":"wp","href":"https:\/\/api.w.org\/{rel}","templated":true}]}}