{"id":21757,"date":"2020-01-26T18:20:05","date_gmt":"2020-01-26T17:20:05","guid":{"rendered":"http:\/\/info.sadowne.pl\/?p=21757"},"modified":"2020-01-26T18:20:05","modified_gmt":"2020-01-26T17:20:05","slug":"sadowienscy-wedkarze-po-corocznym-zgromadzeniu","status":"publish","type":"post","link":"https:\/\/info.sadowne.pl\/?p=21757","title":{"rendered":"Sadowie\u0144scy w\u0119dkarze po corocznym Zgromadzeniu"},"content":{"rendered":"<p><strong><a href=\"http:\/\/info.sadowne.pl\/wp-content\/uploads\/2020\/01\/2020.01.26.1.jpg\" target=\"_blank\" rel=\"noopener noreferrer\"><img loading=\"lazy\" decoding=\"async\" class=\"alignleft wp-image-21758 size-thumbnail\" src=\"http:\/\/info.sadowne.pl\/wp-content\/uploads\/2020\/01\/2020.01.26.1-180x130.jpg\" alt=\"\" width=\"180\" height=\"130\" \/><\/a>26 stycznia br. cz\u0142onkowie Ko\u0142a nr 27 Polskiego Zwi\u0105zku W\u0119dkarskiego obradowali na Walnym Zgromadzeniu Sprawozdawczym.<\/strong><!--more--><\/p>\n<p>Zgodnie z regulaminem Prezes Ko\u0142a kol. Karol Pakie\u0142a otworzy\u0142 zebranie, uczczono minut\u0105 ciszy zmar\u0142ych w ostatnim roku Koleg\u00f3w i przyst\u0105piono do realizacji kolejnych punkt\u00f3w porz\u0105dku obrad.<\/p>\n<p>Mi\u0142ym akcentem by\u0142o wr\u0119czenie Br\u0105zowej Odznaki PZW kol. Eugeniuszowi Nowotce, kt\u00f3ry od lat przewodniczy S\u0105dowi Kole\u017ce\u0144skiemu Ko\u0142a i aktywnie wspiera wszelkie dzia\u0142ania.<\/p>\n<p><a href=\"http:\/\/info.sadowne.pl\/wp-content\/uploads\/2020\/01\/2020.01.26.2.jpg\" target=\"_blank\" rel=\"noopener noreferrer\"><img loading=\"lazy\" decoding=\"async\" class=\"alignright wp-image-21759 size-medium\" src=\"http:\/\/info.sadowne.pl\/wp-content\/uploads\/2020\/01\/2020.01.26.2-300x169.jpg\" alt=\"\" width=\"300\" height=\"169\" srcset=\"https:\/\/info.sadowne.pl\/wp-content\/uploads\/2020\/01\/2020.01.26.2-300x169.jpg 300w, https:\/\/info.sadowne.pl\/wp-content\/uploads\/2020\/01\/2020.01.26.2.jpg 768w\" sizes=\"auto, (max-width: 300px) 100vw, 300px\" \/><\/a>W sprawozdaniu z dzia\u0142alno\u015bci Zarz\u0105du Ko\u0142a za 2019 r. kol. Prezes podkre\u015bli\u0142, \u017ce Ko\u0142o w 2019 r. liczy\u0142o 96. cz\u0142onk\u00f3w, a dysponuj\u0105c bud\u017cetem niespe\u0142na 2.000 z\u0142. zorganizowano: akcj\u0119 sprz\u0105tania ze \u015bmieci cz\u0119\u015bci w\u00f3d i nadbrze\u017cy po\u0142o\u017conych na terenie gminy Sadowne, mistrzostwa Ko\u0142a w dyscyplinie sp\u0142awikowej i spinningowej oraz XXIV Memoria\u0142 prof. M. Chmielewskiego, a tak\u017ce wzi\u0119to udzia\u0142 w organizacji VI Biegu ku czci b\u0142. E. Grzyma\u0142y i zawodach sp\u0142awikowych o Puchar K. Stefanowicza \u201eAsa\u201d.<\/p>\n<p><a href=\"http:\/\/info.sadowne.pl\/wp-content\/uploads\/2020\/01\/2020.01.26.3.jpg\" target=\"_blank\" rel=\"noopener noreferrer\"><img loading=\"lazy\" decoding=\"async\" class=\"alignleft wp-image-21760 size-medium\" src=\"http:\/\/info.sadowne.pl\/wp-content\/uploads\/2020\/01\/2020.01.26.3-300x169.jpg\" alt=\"\" width=\"300\" height=\"169\" srcset=\"https:\/\/info.sadowne.pl\/wp-content\/uploads\/2020\/01\/2020.01.26.3-300x169.jpg 300w, https:\/\/info.sadowne.pl\/wp-content\/uploads\/2020\/01\/2020.01.26.3.jpg 768w\" sizes=\"auto, (max-width: 300px) 100vw, 300px\" \/><\/a>Nast\u0119pnie sprawozdania z\u0142o\u017cyli: Skarbnik Ko\u0142a kol. Leszek Bojar, w imieniu Komisji Rewizyjnej &#8211; kol. Mariusz Postek oraz S\u0105du Kole\u017ce\u0144skiego &#8211; kol. E. Nowotka.<\/p>\n<p>W toku dyskusji podkre\u015blano nieetyczne zachowanie cz\u0142onk\u00f3w Zarz\u0105du okr\u0119gu mazowieckiego, kt\u00f3rzy ponownie nie zgodzili si\u0119 za zawarcie z okr\u0119giem siedleckim porozumienia, za\u015bmiecanie i niszczenie przyrody przez w\u0119dkarzy tego okr\u0119gu \u0142owi\u0105cych w wodach po\u0142o\u017conych na terenie naszej gminy, a tak\u017ce k\u0142opoty jakie ze strony \u201emiejscowych\u201d w\u0119dkarze napotykaj\u0105 w dost\u0119pie do \u0142owisk.<\/p>\n<p><a href=\"http:\/\/info.sadowne.pl\/wp-content\/uploads\/2020\/01\/2020.01.26.4.jpg\" target=\"_blank\" rel=\"noopener noreferrer\"><img loading=\"lazy\" decoding=\"async\" class=\"alignright wp-image-21761 size-medium\" src=\"http:\/\/info.sadowne.pl\/wp-content\/uploads\/2020\/01\/2020.01.26.4-300x169.jpg\" alt=\"\" width=\"300\" height=\"169\" srcset=\"https:\/\/info.sadowne.pl\/wp-content\/uploads\/2020\/01\/2020.01.26.4-300x169.jpg 300w, https:\/\/info.sadowne.pl\/wp-content\/uploads\/2020\/01\/2020.01.26.4.jpg 768w\" sizes=\"auto, (max-width: 300px) 100vw, 300px\" \/><\/a>Przyj\u0119to preeliminarz bud\u017cetowy oraz plan pracy Zarz\u0105du, co oznacza, \u017ce Ko\u0142o nadal b\u0119dzie funkcjonowa\u0107 w dotychczasowej formule. Niestety, cz\u0142onkowie Ko\u0142a musz\u0105 najpierw wnie\u015b\u0107 op\u0142at\u0119 cz\u0142onkowsk\u0105 u naszego Skarbnika (zaprasza w godzinach pracy sklepu), a je\u015bli kto\u015b chce korzysta\u0107 z w\u00f3d, kt\u00f3re nadzoruje okr\u0119g mazowiecki (Bug, dop\u0142ywy i starorzecza), musi wnie\u015b\u0107 dodatkow\u0105 op\u0142at\u0119 u Skarbnika jednego z K\u00f3\u0142 PZW, kt\u00f3re nale\u017c\u0105 do okr\u0119gu mazowieckiego \u2013 np. w Broku, Ma\u0142kini, Ostrowi Maz. czy Wyszkowie. Nie musimy wnosi\u0107 takiej op\u0142aty w okr\u0119gu siedleckim.<\/p>\n<p>I jak to w\u015br\u00f3d w\u0119dkarzy, nie mog\u0142o zabrakn\u0105\u0107 opowie\u015bci o \u201etaaakich rybach\u201d, kt\u00f3re przewa\u017cnie \u201eschodzi\u0142y z haczyka\u201d w minionym roku, a na koniec tak\u017ce podzi\u0119kowa\u0144 dla Dyrektor GOK w Sadownem p. E. Pi\u00f3rkowskiej za go\u015bcinne udost\u0119pnienie lokalu i udogodnienia.<\/p>\n<p><strong>Tekst:<\/strong> RW<\/p>\n<p><strong>Foto:<\/strong> Karol Pakie\u0142a<\/p>\n","protected":false},"excerpt":{"rendered":"<p>26 stycznia br. cz\u0142onkowie Ko\u0142a nr 27 Polskiego Zwi\u0105zku W\u0119dkarskiego obradowali na Walnym Zgromadzeniu Sprawozdawczym.<\/p>\n","protected":false},"author":1,"featured_media":0,"comment_status":"closed","ping_status":"closed","sticky":false,"template":"","format":"standard","meta":{"footnotes":""},"categories":[5,1,689],"tags":[895,1198],"class_list":["post-21757","post","type-post","status-publish","format-standard","hentry","category-newsy","category-inne","category-wedkarstwo","tag-kolo-nr-27-pzw-sadowne","tag-walne-zgromadzenie-sprawozdawcze-kola-nr-27-pzw-sadowne"],"views":2870,"_links":{"self":[{"href":"https:\/\/info.sadowne.pl\/index.php?rest_route=\/wp\/v2\/posts\/21757","targetHints":{"allow":["GET"]}}],"collection":[{"href":"https:\/\/info.sadowne.pl\/index.php?rest_route=\/wp\/v2\/posts"}],"about":[{"href":"https:\/\/info.sadowne.pl\/index.php?rest_route=\/wp\/v2\/types\/post"}],"author":[{"embeddable":true,"href":"https:\/\/info.sadowne.pl\/index.php?rest_route=\/wp\/v2\/users\/1"}],"replies":[{"embeddable":true,"href":"https:\/\/info.sadowne.pl\/index.php?rest_route=%2Fwp%2Fv2%2Fcomments&post=21757"}],"version-history":[{"count":1,"href":"https:\/\/info.sadowne.pl\/index.php?rest_route=\/wp\/v2\/posts\/21757\/revisions"}],"predecessor-version":[{"id":21762,"href":"https:\/\/info.sadowne.pl\/index.php?rest_route=\/wp\/v2\/posts\/21757\/revisions\/21762"}],"wp:attachment":[{"href":"https:\/\/info.sadowne.pl\/index.php?rest_route=%2Fwp%2Fv2%2Fmedia&parent=21757"}],"wp:term":[{"taxonomy":"category","embeddable":true,"href":"https:\/\/info.sadowne.pl\/index.php?rest_route=%2Fwp%2Fv2%2Fcategories&post=21757"},{"taxonomy":"post_tag","embeddable":true,"href":"https:\/\/info.sadowne.pl\/index.php?rest_route=%2Fwp%2Fv2%2Ftags&post=21757"}],"curies":[{"name":"wp","href":"https:\/\/api.w.org\/{rel}","templated":true}]}}