{"id":21772,"date":"2020-01-28T19:19:02","date_gmt":"2020-01-28T18:19:02","guid":{"rendered":"http:\/\/info.sadowne.pl\/?p=21772"},"modified":"2020-01-28T19:19:02","modified_gmt":"2020-01-28T18:19:02","slug":"dlug-krwi-spotkanie-autorskie","status":"publish","type":"post","link":"https:\/\/info.sadowne.pl\/?p=21772","title":{"rendered":"D\u0142ug krwi \u2013 spotkanie autorskie"},"content":{"rendered":"<p><strong><a href=\"http:\/\/info.sadowne.pl\/wp-content\/uploads\/2020\/01\/2020.01.28.5.jpg\" target=\"_blank\" rel=\"noopener noreferrer\"><img loading=\"lazy\" decoding=\"async\" class=\"alignleft wp-image-21773 size-thumbnail\" src=\"http:\/\/info.sadowne.pl\/wp-content\/uploads\/2020\/01\/2020.01.28.5-180x130.jpg\" alt=\"\" width=\"180\" height=\"130\" \/><\/a>\u201eD\u0142ug krwi\u201d to opowie\u015b\u0107 o tera\u017aniejszo\u015bci z zagadk\u0105 kryminaln\u0105 z przesz\u0142o\u015bci w tle. We wtorek 28 stycznia o swojej nowej ksi\u0105\u017cce opowiedzia\u0142 jej autor p. Grzegorz Go\u0142\u0119biowski.<\/strong><!--more--><\/p>\n<p>28 stycznia w Gminnym O\u015brodku Kultury w Sadownem ju\u017c po raz drugi go\u015bci\u0142 na spotkaniu autorskim p. Grzegorz Go\u0142\u0119biowski. Podczas poprzedniego (wi\u0119cej na stronie <span style=\"color: #0000ff;\"><strong><a style=\"color: #0000ff;\" href=\"http:\/\/info.sadowne.pl\/?p=19633\" target=\"_blank\" rel=\"noopener noreferrer\">http:\/\/info.sadowne.pl\/?p=19633<\/a><\/strong><\/span>) mieli\u015bmy okazj\u0119 porozmawia\u0107 o zagadkach wyst\u0119puj\u0105cych w jego powie\u015bciach sensacyjnych \u201eCie\u0144 przesz\u0142o\u015bci\u201d oraz \u201eDziedzictwo\u201d (akcja tej ostatniej rozgrywa si\u0119 g\u0142\u00f3wnie w Sadownem i jego okolicach).<\/p>\n<p>Poznali\u015bmy te\u017c jej g\u0142\u00f3wnego bohatera, genealoga Adama Floria\u0144skiego i, na obecnym etapie akcji tych powie\u015bci, jego \u017con\u0119 Ann\u0119, kt\u00f3ra jest specjalistk\u0105 od cyberbezpiecze\u0144stwa. To w\u0142a\u015bnie oni pocz\u0105tkowo poruszaj\u0105 si\u0119 w obr\u0119bie tajemnic wielkiego miasta, by nast\u0119pnie wkroczy\u0107 w g\u0142\u0105b zagmatwanych los\u00f3w ma\u0142ych, lokalnych spo\u0142eczno\u015bci. Tajemnice, w tym kryminalne, nie przera\u017caj\u0105 bohater\u00f3w, kt\u00f3rzy starannie d\u0105\u017c\u0105 do ich wyja\u015bnienia, klucz\u0105c pomi\u0119dzy zawi\u0142o\u015bciami tworzonej przez autora fabu\u0142y.<\/p>\n<p>Tym razem, r\u00f3wnie\u017c \u201eD\u0142ug krwi\u201d stanowi ciekaw\u0105 zagadk\u0119 kryminaln\u0105 z elementami zbrodni, porachunkami mafijnymi i innymi sekretami z przesz\u0142o\u015bci. Jej wyja\u015bnienia podj\u0119li si\u0119 dwaj policjanci z miejscowo\u015bci podwarszawskiej, w kt\u00f3rej rzecz si\u0119 dzieje.<\/p>\n<p>Oczywi\u015bcie do rozwik\u0142ania zagadek niezb\u0119dna im b\u0119dzie pomoc fachowc\u00f3w i tu\u2026 wkraczaj\u0105 nasi g\u0142\u00f3wni bohaterowie: Adam i Anna. A z jakim skutkiem? Tego nie wyjawi\u0119 i zach\u0119cam do przeczytania tej ciekawej powie\u015bci pt. \u201eD\u0142ug krwi\u201d, autorstwa p. Grzegorza Go\u0142\u0119biowskiego. Jest ona ju\u017c dost\u0119pna w sadowie\u0144skiej Gminnej Bibliotece Publicznej. Zach\u0119cam do przeczytania i zapraszam w imieniu Biblioteki!<\/p>\n<p><span style=\"color: #0000ff;\"><strong><a style=\"color: #0000ff;\" href=\"https:\/\/photos.app.goo.gl\/9AZTaTuCWbfpB63L8\" target=\"_blank\" rel=\"noopener noreferrer\">Zdj\u0119cia w galerii Google&gt;&gt;&gt;<\/a><\/strong><\/span><\/p>\n<p><strong>Tekst\/foto:<\/strong> S\u0142awek Chyli\u0144ski<\/p>\n","protected":false},"excerpt":{"rendered":"<p>\u201eD\u0142ug krwi\u201d to opowie\u015b\u0107 o tera\u017aniejszo\u015bci z zagadk\u0105 kryminaln\u0105 z przesz\u0142o\u015bci w tle. We wtorek 28 stycznia o swojej nowej ksi\u0105\u017cce opowiedzia\u0142 jej autor p. Grzegorz Go\u0142\u0119biowski.<\/p>\n","protected":false},"author":1,"featured_media":0,"comment_status":"closed","ping_status":"closed","sticky":false,"template":"","format":"standard","meta":{"footnotes":""},"categories":[5,2149,91,6],"tags":[3284,113,169,2894,966],"class_list":["post-21772","post","type-post","status-publish","format-standard","hentry","category-newsy","category-gminna-biblioteka-publiczna","category-gminny-osrodek-kultury","category-kultura-rozrywka-edukacja","tag-dlug-krwi","tag-gminna-biblioteka-publiczna-w-sadownem","tag-gminny-osrodek-kultury-w-sadownem","tag-grzegorz-golebiowski","tag-spotkanie-autorskie"],"views":3757,"_links":{"self":[{"href":"https:\/\/info.sadowne.pl\/index.php?rest_route=\/wp\/v2\/posts\/21772","targetHints":{"allow":["GET"]}}],"collection":[{"href":"https:\/\/info.sadowne.pl\/index.php?rest_route=\/wp\/v2\/posts"}],"about":[{"href":"https:\/\/info.sadowne.pl\/index.php?rest_route=\/wp\/v2\/types\/post"}],"author":[{"embeddable":true,"href":"https:\/\/info.sadowne.pl\/index.php?rest_route=\/wp\/v2\/users\/1"}],"replies":[{"embeddable":true,"href":"https:\/\/info.sadowne.pl\/index.php?rest_route=%2Fwp%2Fv2%2Fcomments&post=21772"}],"version-history":[{"count":1,"href":"https:\/\/info.sadowne.pl\/index.php?rest_route=\/wp\/v2\/posts\/21772\/revisions"}],"predecessor-version":[{"id":21774,"href":"https:\/\/info.sadowne.pl\/index.php?rest_route=\/wp\/v2\/posts\/21772\/revisions\/21774"}],"wp:attachment":[{"href":"https:\/\/info.sadowne.pl\/index.php?rest_route=%2Fwp%2Fv2%2Fmedia&parent=21772"}],"wp:term":[{"taxonomy":"category","embeddable":true,"href":"https:\/\/info.sadowne.pl\/index.php?rest_route=%2Fwp%2Fv2%2Fcategories&post=21772"},{"taxonomy":"post_tag","embeddable":true,"href":"https:\/\/info.sadowne.pl\/index.php?rest_route=%2Fwp%2Fv2%2Ftags&post=21772"}],"curies":[{"name":"wp","href":"https:\/\/api.w.org\/{rel}","templated":true}]}}