{"id":21828,"date":"2020-02-08T18:48:28","date_gmt":"2020-02-08T17:48:28","guid":{"rendered":"http:\/\/info.sadowne.pl\/?p=21828"},"modified":"2020-02-08T18:48:28","modified_gmt":"2020-02-08T17:48:28","slug":"relaks-po-wystepach","status":"publish","type":"post","link":"https:\/\/info.sadowne.pl\/?p=21828","title":{"rendered":"RELAKS PO WYST\u0118PACH"},"content":{"rendered":"<p><strong><a href=\"http:\/\/info.sadowne.pl\/wp-content\/uploads\/2020\/02\/2020.02.08.1.jpg\" target=\"_blank\" rel=\"noopener noreferrer\"><img loading=\"lazy\" decoding=\"async\" class=\"alignleft wp-image-21829 size-thumbnail\" src=\"http:\/\/info.sadowne.pl\/wp-content\/uploads\/2020\/02\/2020.02.08.1-180x130.jpg\" alt=\"\" width=\"180\" height=\"130\" \/><\/a>Ostatnie tygodnie by\u0142y dla naszej Grupy bardzo pracowite: pr\u00f3by, wyst\u0119py\u2026 Przyszed\u0142 czas na relaks. <\/strong><!--more--><\/p>\n<p>W pi\u0105tek 7 lutego 2020 r. uczestniczyli\u015bmy w zaj\u0119ciach ceramicznych, kt\u00f3re poprowadzi\u0142a p. Barbara Stanis\u0142awczyk.<\/p>\n<p>Pod okiem p. Basi \u00a0wykonywali\u015bmy znaczki \u2013 logo Grupy Teatralnej BAJ. Znaczki s\u0105 pi\u0119kne, a po wyschni\u0119ciu, pomalowaniu i wypaleniu, b\u0119d\u0105 jeszcze pi\u0119kniejsze.<\/p>\n<p><strong>Danuta Chyli\u0144ska <\/strong><\/p>\n<p><span style=\"color: #0000ff;\"><a style=\"color: #0000ff;\" href=\"https:\/\/photos.app.goo.gl\/FT792MBQGym4ftau8\" target=\"_blank\" rel=\"noopener noreferrer\"><strong>Zdj\u0119cia w galerii Google&gt;&gt;&gt;<\/strong><\/a><\/span><\/p>\n","protected":false},"excerpt":{"rendered":"<p>Ostatnie tygodnie by\u0142y dla naszej Grupy bardzo pracowite: pr\u00f3by, wyst\u0119py\u2026 Przyszed\u0142 czas na relaks.<\/p>\n","protected":false},"author":1,"featured_media":0,"comment_status":"closed","ping_status":"closed","sticky":false,"template":"","format":"standard","meta":{"footnotes":""},"categories":[5,91,6],"tags":[169,2931,1913],"class_list":["post-21828","post","type-post","status-publish","format-standard","hentry","category-newsy","category-gminny-osrodek-kultury","category-kultura-rozrywka-edukacja","tag-gminny-osrodek-kultury-w-sadownem","tag-grupa-teatralna-baj","tag-zajecia-ceramiczne"],"views":2659,"_links":{"self":[{"href":"https:\/\/info.sadowne.pl\/index.php?rest_route=\/wp\/v2\/posts\/21828","targetHints":{"allow":["GET"]}}],"collection":[{"href":"https:\/\/info.sadowne.pl\/index.php?rest_route=\/wp\/v2\/posts"}],"about":[{"href":"https:\/\/info.sadowne.pl\/index.php?rest_route=\/wp\/v2\/types\/post"}],"author":[{"embeddable":true,"href":"https:\/\/info.sadowne.pl\/index.php?rest_route=\/wp\/v2\/users\/1"}],"replies":[{"embeddable":true,"href":"https:\/\/info.sadowne.pl\/index.php?rest_route=%2Fwp%2Fv2%2Fcomments&post=21828"}],"version-history":[{"count":1,"href":"https:\/\/info.sadowne.pl\/index.php?rest_route=\/wp\/v2\/posts\/21828\/revisions"}],"predecessor-version":[{"id":21830,"href":"https:\/\/info.sadowne.pl\/index.php?rest_route=\/wp\/v2\/posts\/21828\/revisions\/21830"}],"wp:attachment":[{"href":"https:\/\/info.sadowne.pl\/index.php?rest_route=%2Fwp%2Fv2%2Fmedia&parent=21828"}],"wp:term":[{"taxonomy":"category","embeddable":true,"href":"https:\/\/info.sadowne.pl\/index.php?rest_route=%2Fwp%2Fv2%2Fcategories&post=21828"},{"taxonomy":"post_tag","embeddable":true,"href":"https:\/\/info.sadowne.pl\/index.php?rest_route=%2Fwp%2Fv2%2Ftags&post=21828"}],"curies":[{"name":"wp","href":"https:\/\/api.w.org\/{rel}","templated":true}]}}