{"id":21835,"date":"2020-02-10T15:10:26","date_gmt":"2020-02-10T14:10:26","guid":{"rendered":"http:\/\/info.sadowne.pl\/?p=21835"},"modified":"2020-02-10T15:10:26","modified_gmt":"2020-02-10T14:10:26","slug":"samorzadowiec-roku-2019","status":"publish","type":"post","link":"https:\/\/info.sadowne.pl\/?p=21835","title":{"rendered":"Samorz\u0105dowiec roku 2019!"},"content":{"rendered":"<p><strong><a href=\"http:\/\/info.sadowne.pl\/wp-content\/uploads\/2020\/02\/2020.02.10.5.jpg\"><img loading=\"lazy\" decoding=\"async\" class=\"alignleft size-thumbnail wp-image-21836\" src=\"http:\/\/info.sadowne.pl\/wp-content\/uploads\/2020\/02\/2020.02.10.5-180x130.jpg\" alt=\"\" width=\"180\" height=\"130\" \/><\/a>Jest nam mi\u0142o poinformowa\u0107, \u017ce w plebiscycie organizowanym przez Tygodnik Siedlecki W\u00f3jt naszej Gminy Waldemar Cyran zosta\u0142 wybrany Samorz\u0105dowcem 2019 roku<\/strong><strong>!<\/strong><\/p>\n<p><!--more--><br \/>\nW\u00f3jtowi gor\u0105co gratulujemy wyr\u00f3\u017cnienia, a g\u0142osuj\u0105cym dzi\u0119kujemy za wys\u0142ane SMS-y!<\/p>\n<p><a href=\"http:\/\/info.sadowne.pl\/wp-content\/uploads\/2020\/02\/2020.02.10.5.jpg\"><img loading=\"lazy\" decoding=\"async\" class=\"aligncenter size-full wp-image-21836\" src=\"http:\/\/info.sadowne.pl\/wp-content\/uploads\/2020\/02\/2020.02.10.5.jpg\" alt=\"\" width=\"606\" height=\"429\" srcset=\"https:\/\/info.sadowne.pl\/wp-content\/uploads\/2020\/02\/2020.02.10.5.jpg 606w, https:\/\/info.sadowne.pl\/wp-content\/uploads\/2020\/02\/2020.02.10.5-300x212.jpg 300w\" sizes=\"auto, (max-width: 606px) 100vw, 606px\" \/><\/a><\/p>\n<p><strong>\u0179r\u00f3d\u0142o:<\/strong> <a href=\"https:\/\/www.facebook.com\/gsadowne\" target=\"_blank\" rel=\"noopener noreferrer\">https:\/\/www.facebook.com\/gsadowne<\/a><\/p>\n","protected":false},"excerpt":{"rendered":"<p>Jest nam mi\u0142o poinformowa\u0107, \u017ce w plebiscycie organizowanym przez Tygodnik Siedlecki W\u00f3jt naszej Gminy Waldemar Cyran zosta\u0142 wybrany Samorz\u0105dowcem 2019 roku!<\/p>\n","protected":false},"author":1,"featured_media":0,"comment_status":"closed","ping_status":"closed","sticky":false,"template":"","format":"standard","meta":{"footnotes":""},"categories":[5,41],"tags":[3303,1033,614],"class_list":["post-21835","post","type-post","status-publish","format-standard","hentry","category-newsy","category-wiesci-gminne","tag-ranking-samorzadowiec-2019","tag-waldemar-cyran","tag-wojt-gminy-sadowne"],"views":3356,"_links":{"self":[{"href":"https:\/\/info.sadowne.pl\/index.php?rest_route=\/wp\/v2\/posts\/21835","targetHints":{"allow":["GET"]}}],"collection":[{"href":"https:\/\/info.sadowne.pl\/index.php?rest_route=\/wp\/v2\/posts"}],"about":[{"href":"https:\/\/info.sadowne.pl\/index.php?rest_route=\/wp\/v2\/types\/post"}],"author":[{"embeddable":true,"href":"https:\/\/info.sadowne.pl\/index.php?rest_route=\/wp\/v2\/users\/1"}],"replies":[{"embeddable":true,"href":"https:\/\/info.sadowne.pl\/index.php?rest_route=%2Fwp%2Fv2%2Fcomments&post=21835"}],"version-history":[{"count":1,"href":"https:\/\/info.sadowne.pl\/index.php?rest_route=\/wp\/v2\/posts\/21835\/revisions"}],"predecessor-version":[{"id":21837,"href":"https:\/\/info.sadowne.pl\/index.php?rest_route=\/wp\/v2\/posts\/21835\/revisions\/21837"}],"wp:attachment":[{"href":"https:\/\/info.sadowne.pl\/index.php?rest_route=%2Fwp%2Fv2%2Fmedia&parent=21835"}],"wp:term":[{"taxonomy":"category","embeddable":true,"href":"https:\/\/info.sadowne.pl\/index.php?rest_route=%2Fwp%2Fv2%2Fcategories&post=21835"},{"taxonomy":"post_tag","embeddable":true,"href":"https:\/\/info.sadowne.pl\/index.php?rest_route=%2Fwp%2Fv2%2Ftags&post=21835"}],"curies":[{"name":"wp","href":"https:\/\/api.w.org\/{rel}","templated":true}]}}