{"id":21864,"date":"2020-02-14T19:46:22","date_gmt":"2020-02-14T18:46:22","guid":{"rendered":"http:\/\/info.sadowne.pl\/?p=21864"},"modified":"2020-02-14T19:46:22","modified_gmt":"2020-02-14T18:46:22","slug":"to-byl-bal","status":"publish","type":"post","link":"https:\/\/info.sadowne.pl\/?p=21864","title":{"rendered":"To by\u0142 bal!"},"content":{"rendered":"<p><strong><a href=\"http:\/\/info.sadowne.pl\/wp-content\/uploads\/2020\/02\/2020.02.14.5.jpg\" target=\"_blank\" rel=\"noopener noreferrer\"><img loading=\"lazy\" decoding=\"async\" class=\"alignleft wp-image-21865 size-thumbnail\" src=\"http:\/\/info.sadowne.pl\/wp-content\/uploads\/2020\/02\/2020.02.14.5-180x130.jpg\" alt=\"\" width=\"180\" height=\"130\" \/><\/a>Walentynkowy bal dla dzieci zorganizowa\u0142o r\u00f3wnie\u017c sadowie\u0144skie Przedszkole.<\/strong><!--more--><\/p>\n<p>W Walentynki 14 lutego, zaraz po przyj\u015bciu do Przedszkola, dzieciaki poch\u0142on\u0105\u0142 ferwor przygotowa\u0144 do balu, kt\u00f3ry organizowano z okazji karnawa\u0142u i Dnia \u015awi\u0119tego Walentego. Nie mo\u017cna by\u0142o przeprowadzi\u0107 tego dnia innych zaj\u0119\u0107 i nie uda\u0142oby si\u0119 to z prostego powodu: rodzice zgodnie z zaleceniami zadbali, aby przedszkolaki na \u201ewej\u015bciu do przedszkola\u201d by\u0142y ju\u017c przebrane w balowe stroje.<\/p>\n<p>Dla nas jest to pow\u00f3d \u201eprosty\u201d, ale dla potencjalnych, ma\u0142ych uczestnik\u00f3w balu jest to problem nad problemami. Kt\u00f3rego bohatera lub posta\u0107 z bajki wybra\u0107 i wcieli\u0107 si\u0119 w ni\u0105? Mo\u017ce kr\u00f3lowa, ksi\u0119\u017cniczka, wr\u00f3\u017cka, policjant, stra\u017cak\u2026 itp., itd. Wa\u017cne te\u017c by\u0142o, by odpowiednio si\u0119 p\u00f3\u017aniej zaprezentowa\u0107 na dywanie\u2026 nie czerwonym, a bia\u0142ym, kt\u00f3ry rozwin\u0119\u0142y Panie Wychowawczynie. Str\u00f3j te\u017c nie m\u00f3g\u0142 przeszkadza\u0107 w karnawa\u0142owych ta\u0144cach i wsp\u00f3lnych harcach.<\/p>\n<p>Wiele problem\u00f3w, kt\u00f3re chyba \u015bwietnie rozwi\u0105zano i bal w sadowie\u0144skim Przedszkolu mo\u017cna uzna\u0107 za udany. Dla naszych najm\u0142odszych przygotowano te\u017c dodatkowe atrakcje, kt\u00f3re zapewne pozostan\u0105 im na d\u0142ugo w pami\u0119ci, a w domu b\u0119d\u0105 mog\u0142y powiedzie\u0107 na podsumowanie walentynkowego dnia: \u201eTo by\u0142 bal!\u201d.<\/p>\n<p><span style=\"color: #0000ff;\"><a style=\"color: #0000ff;\" href=\"https:\/\/photos.app.goo.gl\/XCtUvppnWrox4j4v8\" target=\"_blank\" rel=\"noopener noreferrer\"><strong>Zdj\u0119cia w galerii Google&gt;&gt;&gt;<\/strong><\/a><\/span><\/p>\n<p><strong>Tekst\/foto:<\/strong> S\u0142awek Chyli\u0144ski\/Przedszkole w Sadownem<\/p>\n","protected":false},"excerpt":{"rendered":"<p>Walentynkowy bal dla dzieci zorganizowa\u0142o r\u00f3wnie\u017c sadowie\u0144skie Przedszkole.<\/p>\n","protected":false},"author":1,"featured_media":0,"comment_status":"closed","ping_status":"closed","sticky":false,"template":"","format":"standard","meta":{"footnotes":""},"categories":[5,1752,561],"tags":[3313,2286],"class_list":["post-21864","post","type-post","status-publish","format-standard","hentry","category-newsy","category-edukacja","category-przedszkole-w-sadownem","tag-bal-walentynkowy-w-przedszkolu","tag-przedszkole-w-sadownem"],"views":3119,"_links":{"self":[{"href":"https:\/\/info.sadowne.pl\/index.php?rest_route=\/wp\/v2\/posts\/21864","targetHints":{"allow":["GET"]}}],"collection":[{"href":"https:\/\/info.sadowne.pl\/index.php?rest_route=\/wp\/v2\/posts"}],"about":[{"href":"https:\/\/info.sadowne.pl\/index.php?rest_route=\/wp\/v2\/types\/post"}],"author":[{"embeddable":true,"href":"https:\/\/info.sadowne.pl\/index.php?rest_route=\/wp\/v2\/users\/1"}],"replies":[{"embeddable":true,"href":"https:\/\/info.sadowne.pl\/index.php?rest_route=%2Fwp%2Fv2%2Fcomments&post=21864"}],"version-history":[{"count":1,"href":"https:\/\/info.sadowne.pl\/index.php?rest_route=\/wp\/v2\/posts\/21864\/revisions"}],"predecessor-version":[{"id":21866,"href":"https:\/\/info.sadowne.pl\/index.php?rest_route=\/wp\/v2\/posts\/21864\/revisions\/21866"}],"wp:attachment":[{"href":"https:\/\/info.sadowne.pl\/index.php?rest_route=%2Fwp%2Fv2%2Fmedia&parent=21864"}],"wp:term":[{"taxonomy":"category","embeddable":true,"href":"https:\/\/info.sadowne.pl\/index.php?rest_route=%2Fwp%2Fv2%2Fcategories&post=21864"},{"taxonomy":"post_tag","embeddable":true,"href":"https:\/\/info.sadowne.pl\/index.php?rest_route=%2Fwp%2Fv2%2Ftags&post=21864"}],"curies":[{"name":"wp","href":"https:\/\/api.w.org\/{rel}","templated":true}]}}