{"id":21886,"date":"2020-02-20T17:55:52","date_gmt":"2020-02-20T16:55:52","guid":{"rendered":"http:\/\/info.sadowne.pl\/?p=21886"},"modified":"2020-02-20T17:55:52","modified_gmt":"2020-02-20T16:55:52","slug":"kto-nie-byl-niech-zaluje","status":"publish","type":"post","link":"https:\/\/info.sadowne.pl\/?p=21886","title":{"rendered":"Kto nie by\u0142, niech \u017ca\u0142uje\u2026"},"content":{"rendered":"<p><strong><a href=\"http:\/\/info.sadowne.pl\/wp-content\/uploads\/2020\/02\/2020.02.20.1.jpg\" target=\"_blank\" rel=\"noopener noreferrer\"><img loading=\"lazy\" decoding=\"async\" class=\"alignleft wp-image-21887 size-thumbnail\" src=\"http:\/\/info.sadowne.pl\/wp-content\/uploads\/2020\/02\/2020.02.20.1-180x130.jpg\" alt=\"\" width=\"180\" height=\"130\" \/><\/a>Na zako\u0144czenie ferii zimowych w Sadownem odby\u0142 si\u0119 Bal Karnawa\u0142owy, kt\u00f3rego termin zbieg\u0142 si\u0119 z obchodzonym chyba przez wszystkich T\u0142ustym Czwartkiem.<\/strong><!--more--><\/p>\n<p>Przed po\u0142udniem 20 lutego w Sali OSP Sadowne rozpocz\u0105\u0142 si\u0119 bal, kt\u00f3ry przeznaczony by\u0142 dla dzieci sp\u0119dzaj\u0105cych ferie zimowe na terenie gminy Sadowne. Jego Organizatorami byli: W\u00f3jt Gminy Sadowne, Gminna Komisja Rozwi\u0105zywania Problem\u00f3w Alkoholowych w Sadowne, Gminny O\u015brodek Kultury w Sadownem i Stowarzyszenie na Rzecz Rozwoju Gminy Sadowne.<\/p>\n<p>Kilkugodzinn\u0105 zabaw\u0119 karnawa\u0142owych \u201eprzebiera\u0144c\u00f3w\u201d poprowadzi\u0142a z programem rozrywkowo \u2013 animacyjnym p. Marlena Uzi\u0119b\u0142o z \u201eMobilnego Klubu Czerwonego Noska\u201d w Siedlcach, wcielaj\u0105c si\u0119 przy tym w rol\u0119 klowna. Na dzieci, opr\u00f3cz konkurs\u00f3w, gier, zabaw i malowania twarzy, czeka\u0142 te\u017c s\u0142odki pocz\u0119stunek w postaci lukrowanych p\u0105czk\u00f3w, bo przecie\u017c tego dnia obchodzimy T\u0142usty Czwartek.<\/p>\n<p>Podczas balu dzieciaki zaskoczy\u0142a te\u017c niespodzianka ze strony Urz\u0119du Gminy Sadowne. Po oficjalnym rozpocz\u0119ciu balu przez p. Dyrektor GOK Ew\u0119 Pi\u00f3rkowsk\u0105, g\u0142os zabra\u0142 W\u00f3jt Gminy Sadowne p. Waldemar Cyran, kt\u00f3ry poinformowa\u0142, i\u017c Gmina Sadowne w dniu dzisiejszym posiada czterech W\u00f3jt\u00f3w\u2026 I tu wyja\u015bnienie: pierwszy to obecnie urz\u0119duj\u0105cy p. Cyran, drugi to Zast\u0119pca W\u00f3jta p. Marcin Gr\u0119da, a trzecim i czwartym s\u0105 Dawid i Dominik Ogonowscy \u2013 honorowi W\u00f3jtowie Gminy Sadowne, kt\u00f3rzy t\u0119 funkcj\u0119 (oczywi\u015bcie jednodniow\u0105) wylicytowali podczas tegorocznego Fina\u0142u WO\u015aP w Ko\u0142odzi\u0105\u017cu.<\/p>\n<p>Dzieciaki mog\u0142y dok\u0142adnie przyjrze\u0107 si\u0119 \u201ewszystkim\u201d W\u00f3jtom, kt\u00f3rzy zaprezentowali si\u0119 na scenie. Po kr\u00f3tkiej wizycie \u201eurz\u0119dnik\u00f3w\u201d zabawa powr\u00f3ci\u0142a zabawa karnawa\u0142owa, kt\u00f3ra wym\u0119czy\u0142a chyba wszystkich jej uczestnik\u00f3w, gdy\u017c popo\u0142udniem z wolna umykali do swoich dom\u00f3w.<\/p>\n<p>Bal by\u0142 udany, o czym \u015bwiadcz\u0105 zadowolone bu\u017aki najm\u0142odszych. O w\u0142a\u015bciw\u0105 jego organizacj\u0119 zadbali pracownicy Gminnego O\u015brodka Kultury w Sadownem.<\/p>\n<p>A kto nie by\u0142 na balu, niech \u017ca\u0142uje\u2026<\/p>\n<p><span style=\"color: #0000ff;\"><strong><a style=\"color: #0000ff;\" href=\"https:\/\/photos.app.goo.gl\/fXd27rmwrXdSMHYy7\" target=\"_blank\" rel=\"noopener noreferrer\">Zdj\u0119cia w galerii Google&gt;&gt;&gt;<\/a><\/strong><\/span><\/p>\n<p><span style=\"color: #0000ff;\"><a style=\"color: #0000ff;\" href=\"https:\/\/youtu.be\/GqdLCnao6zE\" target=\"_blank\" rel=\"noopener noreferrer\"><strong>Zobacz te\u017c film&gt;&gt;&gt;<\/strong><\/a><\/span><\/p>\n<p><strong>Tekst\/foto:<\/strong> S\u0142awek Chyli\u0144ski<\/p>\n","protected":false},"excerpt":{"rendered":"<p>Na zako\u0144czenie ferii zimowych w Sadownem odby\u0142 si\u0119 Bal Karnawa\u0142owy, kt\u00f3rego termin zbieg\u0142 si\u0119 z obchodzonym chyba przez wszystkich T\u0142ustym Czwartkiem.<\/p>\n","protected":false},"author":1,"featured_media":0,"comment_status":"closed","ping_status":"closed","sticky":false,"template":"","format":"standard","meta":{"footnotes":""},"categories":[5,91,6],"tags":[2347,169],"class_list":["post-21886","post","type-post","status-publish","format-standard","hentry","category-newsy","category-gminny-osrodek-kultury","category-kultura-rozrywka-edukacja","tag-bal-karnawalowy-dla-dzieci-w-sadownem","tag-gminny-osrodek-kultury-w-sadownem"],"views":2512,"_links":{"self":[{"href":"https:\/\/info.sadowne.pl\/index.php?rest_route=\/wp\/v2\/posts\/21886","targetHints":{"allow":["GET"]}}],"collection":[{"href":"https:\/\/info.sadowne.pl\/index.php?rest_route=\/wp\/v2\/posts"}],"about":[{"href":"https:\/\/info.sadowne.pl\/index.php?rest_route=\/wp\/v2\/types\/post"}],"author":[{"embeddable":true,"href":"https:\/\/info.sadowne.pl\/index.php?rest_route=\/wp\/v2\/users\/1"}],"replies":[{"embeddable":true,"href":"https:\/\/info.sadowne.pl\/index.php?rest_route=%2Fwp%2Fv2%2Fcomments&post=21886"}],"version-history":[{"count":1,"href":"https:\/\/info.sadowne.pl\/index.php?rest_route=\/wp\/v2\/posts\/21886\/revisions"}],"predecessor-version":[{"id":21888,"href":"https:\/\/info.sadowne.pl\/index.php?rest_route=\/wp\/v2\/posts\/21886\/revisions\/21888"}],"wp:attachment":[{"href":"https:\/\/info.sadowne.pl\/index.php?rest_route=%2Fwp%2Fv2%2Fmedia&parent=21886"}],"wp:term":[{"taxonomy":"category","embeddable":true,"href":"https:\/\/info.sadowne.pl\/index.php?rest_route=%2Fwp%2Fv2%2Fcategories&post=21886"},{"taxonomy":"post_tag","embeddable":true,"href":"https:\/\/info.sadowne.pl\/index.php?rest_route=%2Fwp%2Fv2%2Ftags&post=21886"}],"curies":[{"name":"wp","href":"https:\/\/api.w.org\/{rel}","templated":true}]}}