{"id":21914,"date":"2020-02-21T13:37:57","date_gmt":"2020-02-21T12:37:57","guid":{"rendered":"http:\/\/info.sadowne.pl\/?p=21914"},"modified":"2020-02-21T13:37:57","modified_gmt":"2020-02-21T12:37:57","slug":"co-nieco-o-sporcie","status":"publish","type":"post","link":"https:\/\/info.sadowne.pl\/?p=21914","title":{"rendered":"Co nieco o sporcie!"},"content":{"rendered":"<p><strong><a href=\"http:\/\/info.sadowne.pl\/wp-content\/uploads\/2020\/02\/2020.02.21.1.jpg\"><img loading=\"lazy\" decoding=\"async\" class=\"alignleft size-thumbnail wp-image-21915\" src=\"http:\/\/info.sadowne.pl\/wp-content\/uploads\/2020\/02\/2020.02.21.1-180x130.jpg\" alt=\"\" width=\"180\" height=\"130\" \/><\/a>W lutym\u00a0 w naszym sporcie troch\u0119 si\u0119 dzia\u0142o.<\/strong><!--more--><\/p>\n<p><strong><a href=\"http:\/\/info.sadowne.pl\/wp-content\/uploads\/2020\/02\/2020.02.21.1.jpg\"><img loading=\"lazy\" decoding=\"async\" class=\"alignright size-medium wp-image-21915\" src=\"http:\/\/info.sadowne.pl\/wp-content\/uploads\/2020\/02\/2020.02.21.1-300x300.jpg\" alt=\"\" width=\"300\" height=\"300\" srcset=\"https:\/\/info.sadowne.pl\/wp-content\/uploads\/2020\/02\/2020.02.21.1-300x300.jpg 300w, https:\/\/info.sadowne.pl\/wp-content\/uploads\/2020\/02\/2020.02.21.1.jpg 640w\" sizes=\"auto, (max-width: 300px) 100vw, 300px\" \/><\/a>8 lutego w Parku Skaryszewskim w Warszawie odby\u0142 si\u0119 XV Bieg Wedla. <\/strong>Na g\u0142\u00f3wnym dystansie 10 km w\u015br\u00f3d kobiet wygra\u0142a nasza Ania Szyszka (8. m-ce open), i mimo, \u017ce by\u0142 to jej pierwszy start po kontuzji, osi\u0105gn\u0119\u0142a bardzo dobry wynik 33,10 min. Warto odnotowa\u0107, \u017ce na o po\u0142ow\u0119 kr\u00f3tszym dystansie marszu NW dobre miejsce (22 w\u015br\u00f3d pa\u0144) wywalczy\u0142a reprezentuj\u0105ca Wicher Sadowne Agata S\u0119dek.<\/p>\n<p><strong><a href=\"http:\/\/info.sadowne.pl\/wp-content\/uploads\/2018\/10\/wichersadowne1.jpg\"><img loading=\"lazy\" decoding=\"async\" class=\"alignleft size-medium wp-image-19320\" src=\"http:\/\/info.sadowne.pl\/wp-content\/uploads\/2018\/10\/wichersadowne1-246x300.jpg\" alt=\"\" width=\"246\" height=\"300\" srcset=\"https:\/\/info.sadowne.pl\/wp-content\/uploads\/2018\/10\/wichersadowne1-246x300.jpg 246w, https:\/\/info.sadowne.pl\/wp-content\/uploads\/2018\/10\/wichersadowne1.jpg 750w\" sizes=\"auto, (max-width: 246px) 100vw, 246px\" \/><\/a>9 lutego siatkarze naszego Wichra pewnie pokonali 2:0 ekip\u0119 Forte<\/strong> i \u201ewskoczyli\u201d na 2. miejsce w tabeli rozgrywek BSLSA w Ostrowi Maz. Powr\u00f3t na podium w ko\u0144c\u00f3wce zmaga\u0144 niemal pewny.\u00a0 A ich mecze mo\u017cecie odtworzy\u0107 w spokoju domowych zaciszy ze strony: http:\/\/mosir.ostrowmaz.pl\/nasze-ligi\/bslsa-siatkowka.<\/p>\n<p><strong>10-12 lutego w hali sportowej ZSP im. J. Kochanowskiego w W\u0119growie rozegrano Turniej Pi\u0142ki No\u017cnej o Puchar Starosty W\u0119growskiego.<\/strong> W grupie uczni\u00f3w klas VI i m\u0142odszych szk\u00f3\u0142 podstawowych zwyci\u0119\u017cy\u0142a pierwsza dru\u017cyna Szko\u0142y Podstawowej ze Stoczka, a dru\u017cyna SP Sadowne zaj\u0119\u0142a 6. miejsce.\u00a0 Za to w starszej kategorii (klas VII-VIII) ekipa SP Sadowne nie mia\u0142a sobie r\u00f3wnych. W kategorii szk\u00f3\u0142 ponadpodstawowych zwyci\u0119\u017cy\u0142a druga dru\u017cyna ZSP \u0141och\u00f3w, a nasze ekipy zaj\u0119\u0142y 4. (ZSP Sadowne II) i 6.\u00a0 (ZSP Sadowne I) miejsca.<\/p>\n<p><strong><a href=\"http:\/\/info.sadowne.pl\/wp-content\/uploads\/2013\/01\/wichersadowne.jpg\"><img loading=\"lazy\" decoding=\"async\" class=\"alignright size-full wp-image-839\" src=\"http:\/\/info.sadowne.pl\/wp-content\/uploads\/2013\/01\/wichersadowne.jpg\" alt=\"\" width=\"150\" height=\"150\" \/><\/a>Seniorzy Wichra dobrze rozpocz\u0119li przygotowania do wiosennej rundy rozgrywek klasy A siedleckiego OZPN<\/strong> i 16 lutego w Wyszkowie pokonali 2:0 KS Pniewo. W sobot\u0119 zapraszaj\u0105 do kibicowania w starciu z Koron\u0105 Jad\u00f3w. Pocz\u0105tek w Jadowie o godz. 17.00.<\/p>\n<p><strong>\u00a0Tekst:<\/strong> RW<\/p>\n","protected":false},"excerpt":{"rendered":"<p>W lutym\u00a0 w naszym sporcie troch\u0119 si\u0119 dzia\u0142o.<\/p>\n","protected":false},"author":1,"featured_media":0,"comment_status":"closed","ping_status":"closed","sticky":false,"template":"","format":"standard","meta":{"footnotes":""},"categories":[5,2135,2136,2137,7],"tags":[2667,1581,734,1161],"class_list":["post-21914","post","type-post","status-publish","format-standard","hentry","category-newsy","category-bieganie","category-pilka-nozna","category-pilka-siatkowa","category-sport","tag-agata-sedek","tag-amatorska-liga-siatkowki","tag-anna-szyszka","tag-klub-sportowy-wicher-sadowne"],"views":2695,"_links":{"self":[{"href":"https:\/\/info.sadowne.pl\/index.php?rest_route=\/wp\/v2\/posts\/21914","targetHints":{"allow":["GET"]}}],"collection":[{"href":"https:\/\/info.sadowne.pl\/index.php?rest_route=\/wp\/v2\/posts"}],"about":[{"href":"https:\/\/info.sadowne.pl\/index.php?rest_route=\/wp\/v2\/types\/post"}],"author":[{"embeddable":true,"href":"https:\/\/info.sadowne.pl\/index.php?rest_route=\/wp\/v2\/users\/1"}],"replies":[{"embeddable":true,"href":"https:\/\/info.sadowne.pl\/index.php?rest_route=%2Fwp%2Fv2%2Fcomments&post=21914"}],"version-history":[{"count":1,"href":"https:\/\/info.sadowne.pl\/index.php?rest_route=\/wp\/v2\/posts\/21914\/revisions"}],"predecessor-version":[{"id":21916,"href":"https:\/\/info.sadowne.pl\/index.php?rest_route=\/wp\/v2\/posts\/21914\/revisions\/21916"}],"wp:attachment":[{"href":"https:\/\/info.sadowne.pl\/index.php?rest_route=%2Fwp%2Fv2%2Fmedia&parent=21914"}],"wp:term":[{"taxonomy":"category","embeddable":true,"href":"https:\/\/info.sadowne.pl\/index.php?rest_route=%2Fwp%2Fv2%2Fcategories&post=21914"},{"taxonomy":"post_tag","embeddable":true,"href":"https:\/\/info.sadowne.pl\/index.php?rest_route=%2Fwp%2Fv2%2Ftags&post=21914"}],"curies":[{"name":"wp","href":"https:\/\/api.w.org\/{rel}","templated":true}]}}