{"id":21935,"date":"2020-02-29T09:37:12","date_gmt":"2020-02-29T08:37:12","guid":{"rendered":"http:\/\/info.sadowne.pl\/?p=21935"},"modified":"2020-02-29T09:37:12","modified_gmt":"2020-02-29T08:37:12","slug":"ogloszenie-4","status":"publish","type":"post","link":"https:\/\/info.sadowne.pl\/?p=21935","title":{"rendered":"OG\u0141OSZENIE"},"content":{"rendered":"<p><strong><a href=\"http:\/\/info.sadowne.pl\/wp-content\/uploads\/2020\/02\/2020.02.29.1.jpg\"><img loading=\"lazy\" decoding=\"async\" class=\"alignleft size-thumbnail wp-image-21936\" src=\"http:\/\/info.sadowne.pl\/wp-content\/uploads\/2020\/02\/2020.02.29.1-180x130.jpg\" alt=\"\" width=\"180\" height=\"130\" \/><\/a>Gminny O\u015brodek Pomocy Spo\u0142ecznej w Sadownem zatrudni osob\u0119 do wykonywania specjalistycznych us\u0142ug opieku\u0144czych na terenie gminy Sadowne dla dziecka z autyzmem.<\/strong><!--more--><\/p>\n<p><a href=\"http:\/\/info.sadowne.pl\/wp-content\/uploads\/2020\/02\/2020.02.29.1.jpg\"><img loading=\"lazy\" decoding=\"async\" class=\"aligncenter size-full wp-image-21936\" src=\"http:\/\/info.sadowne.pl\/wp-content\/uploads\/2020\/02\/2020.02.29.1.jpg\" alt=\"\" width=\"600\" height=\"796\" srcset=\"https:\/\/info.sadowne.pl\/wp-content\/uploads\/2020\/02\/2020.02.29.1.jpg 600w, https:\/\/info.sadowne.pl\/wp-content\/uploads\/2020\/02\/2020.02.29.1-226x300.jpg 226w\" sizes=\"auto, (max-width: 600px) 100vw, 600px\" \/><\/a><\/p>\n<p><a href=\"http:\/\/info.sadowne.pl\/wp-content\/uploads\/2020\/02\/2020.02.29.2.jpg\"><img loading=\"lazy\" decoding=\"async\" class=\"aligncenter size-full wp-image-21937\" src=\"http:\/\/info.sadowne.pl\/wp-content\/uploads\/2020\/02\/2020.02.29.2.jpg\" alt=\"\" width=\"604\" height=\"833\" srcset=\"https:\/\/info.sadowne.pl\/wp-content\/uploads\/2020\/02\/2020.02.29.2.jpg 604w, https:\/\/info.sadowne.pl\/wp-content\/uploads\/2020\/02\/2020.02.29.2-218x300.jpg 218w\" sizes=\"auto, (max-width: 604px) 100vw, 604px\" \/><\/a><\/p>\n<p><a href=\"http:\/\/info.sadowne.pl\/wp-content\/uploads\/2020\/02\/2020.02.29.3.jpg\"><img loading=\"lazy\" decoding=\"async\" class=\"aligncenter size-full wp-image-21938\" src=\"http:\/\/info.sadowne.pl\/wp-content\/uploads\/2020\/02\/2020.02.29.3.jpg\" alt=\"\" width=\"605\" height=\"810\" srcset=\"https:\/\/info.sadowne.pl\/wp-content\/uploads\/2020\/02\/2020.02.29.3.jpg 605w, https:\/\/info.sadowne.pl\/wp-content\/uploads\/2020\/02\/2020.02.29.3-224x300.jpg 224w\" sizes=\"auto, (max-width: 605px) 100vw, 605px\" \/><\/a><\/p>\n","protected":false},"excerpt":{"rendered":"<p>Gminny O\u015brodek Pomocy Spo\u0142ecznej w Sadownem zatrudni osob\u0119 do wykonywania specjalistycznych us\u0142ug opieku\u0144czych na terenie gminy Sadowne dla dziecka z autyzmem.<\/p>\n","protected":false},"author":1,"featured_media":0,"comment_status":"closed","ping_status":"closed","sticky":false,"template":"","format":"standard","meta":{"footnotes":""},"categories":[5,10,3073],"tags":[1881,46,3320],"class_list":["post-21935","post","type-post","status-publish","format-standard","hentry","category-newsy","category-ogloszenia","category-praca","tag-gminny-osrodek-pomocy-spolecznej-w-sadownem","tag-ogloszenie","tag-praca-dla-opiekuna-dziecka-z-autyzmem"],"views":3617,"_links":{"self":[{"href":"https:\/\/info.sadowne.pl\/index.php?rest_route=\/wp\/v2\/posts\/21935","targetHints":{"allow":["GET"]}}],"collection":[{"href":"https:\/\/info.sadowne.pl\/index.php?rest_route=\/wp\/v2\/posts"}],"about":[{"href":"https:\/\/info.sadowne.pl\/index.php?rest_route=\/wp\/v2\/types\/post"}],"author":[{"embeddable":true,"href":"https:\/\/info.sadowne.pl\/index.php?rest_route=\/wp\/v2\/users\/1"}],"replies":[{"embeddable":true,"href":"https:\/\/info.sadowne.pl\/index.php?rest_route=%2Fwp%2Fv2%2Fcomments&post=21935"}],"version-history":[{"count":1,"href":"https:\/\/info.sadowne.pl\/index.php?rest_route=\/wp\/v2\/posts\/21935\/revisions"}],"predecessor-version":[{"id":21939,"href":"https:\/\/info.sadowne.pl\/index.php?rest_route=\/wp\/v2\/posts\/21935\/revisions\/21939"}],"wp:attachment":[{"href":"https:\/\/info.sadowne.pl\/index.php?rest_route=%2Fwp%2Fv2%2Fmedia&parent=21935"}],"wp:term":[{"taxonomy":"category","embeddable":true,"href":"https:\/\/info.sadowne.pl\/index.php?rest_route=%2Fwp%2Fv2%2Fcategories&post=21935"},{"taxonomy":"post_tag","embeddable":true,"href":"https:\/\/info.sadowne.pl\/index.php?rest_route=%2Fwp%2Fv2%2Ftags&post=21935"}],"curies":[{"name":"wp","href":"https:\/\/api.w.org\/{rel}","templated":true}]}}