{"id":21967,"date":"2020-03-09T12:04:18","date_gmt":"2020-03-09T11:04:18","guid":{"rendered":"http:\/\/info.sadowne.pl\/?p=21967"},"modified":"2020-03-09T12:04:18","modified_gmt":"2020-03-09T11:04:18","slug":"kronika-strazacka-02-07-marca-2020","status":"publish","type":"post","link":"https:\/\/info.sadowne.pl\/?p=21967","title":{"rendered":"Kronika stra\u017cacka 02-07 marca 2020"},"content":{"rendered":"<p><strong><a href=\"http:\/\/info.sadowne.pl\/wp-content\/uploads\/2013\/07\/straz3.jpg\"><img loading=\"lazy\" decoding=\"async\" class=\"alignleft size-thumbnail wp-image-2625\" src=\"http:\/\/info.sadowne.pl\/wp-content\/uploads\/2013\/07\/straz3-180x130.jpg\" alt=\"\" width=\"180\" height=\"130\" \/><\/a>W okresie od 02-07.03.2020 na terenie powiatu w\u0119growskiego zanotowano 12 zdarze\u0144, przy kt\u00f3rych interweniowa\u0142y jednostki ochrony przeciwpo\u017carowej w tym: 4 po\u017cary, 6 miejscowych zagro\u017ce\u0144 i 2 alarmy fa\u0142szywe.<\/strong><!--more--><\/p>\n<p><strong>02.03.2020 Nadkole, gm \u0141och\u00f3w<\/strong> &#8211; Po\u017car budynku w nieczynnym o\u015brodku wypoczynkowym.<\/p>\n<p>W godzinach nocnych po\u017car budynku murowanego parterowego gasi\u0142o 11 zast\u0119p\u00f3w PSP i OSP. Na po\u017car podano pi\u0119\u0107 pr\u0105d\u00f3w ga\u015bniczych a zaopatrzenie wodne stanowi\u0142a pobliska rzeka. W dzia\u0142aniach udzia\u0142 bra\u0142o 3 zast\u0119py JRG \u00a0PSP i 8 zast\u0119p\u00f3w OSP. Prawdopodobna przyczyna: podpalenie.<\/p>\n<p><strong>07.03.2020 Czerwonka, gm Wierzbno<\/strong> &#8211; Po\u017car budynku gospodarczego.<\/p>\n<p>W godzinach nocnych 6 zast\u0119p\u00f3w PSP i OSP gasi\u0142o po\u017car budynku gospodarczego. Zast\u0119py gasi\u0142y po\u017car podaj\u0105c cztery pr\u0105dy wody. A nast\u0119pnie wykonuj\u0105c drobne prace rozbi\u00f3rkowe w celu dogaszania a pojedynczych zarzewi ognia. PSP 1 zast\u0119p OSP 5 zast\u0119p\u00f3w. Prawdopodobna przyczyna: zwarcie instalacji elektrycznej.<\/p>\n<p><strong>07.03.2020 Gr\u0119bk\u00f3w<\/strong> &#8211; Wypadek drogowy.<\/p>\n<p>Oko\u0142o po\u0142udnia dosz\u0142o do zderzenia dw\u00f3ch samochod\u00f3w osobowych. W wyniku zderzenia na skrzy\u017cowaniu poszkodowane zosta\u0142y dwie osoby. W dzia\u0142aniach udzia\u0142 bra\u0142o: PSP 1 zast\u0119p, OSP 1 zast\u0119p. Prawdopodobna przyczyna: Niezachowanie zasad ruchu \u015brodk\u00f3w transportu.<\/p>\n<p><strong>07.03.2020 Zieleniec, gm Sadowne<\/strong> &#8211; Wypadek poci\u0105gu i pojazdu typu quad.<\/p>\n<p>W godzinach popo\u0142udniowych na przeje\u017adzie kolejowym dosz\u0142o do zderzenia poci\u0105gu pospiesznego relacji Wroc\u0142aw \u2013 Bia\u0142ystok z pojazdem typu quad. W wyniku zderzenia \u015bmier\u0107 ponios\u0142y dwie osoby (ojciec i syn) podr\u00f3\u017cuj\u0105ce quadem. Dzia\u0142ania 5 zast\u0119p\u00f3w stra\u017cy po\u017carnej polega\u0142y m.in. na zabezpieczeniu miejsca zdarzenia, o\u015bwietleniu terenu, pomocy w ewakuacji ok. 130 pasa\u017cer\u00f3w poci\u0105gu do podstawionych przez przewo\u017anika autokar\u00f3w. W dzia\u0142aniach udzia\u0142 bra\u0142o: PSP 2 zast\u0119py, OSP 3 zast\u0119py. Przyczyna: niezachowanie zasad ruchu \u015brodk\u00f3w transportu.<\/p>\n<p><strong>KP PSP W\u0119gr\u00f3w<\/strong><\/p>\n","protected":false},"excerpt":{"rendered":"<p>W okresie od 02-07.03.2020 na terenie powiatu w\u0119growskiego zanotowano 12 zdarze\u0144, przy kt\u00f3rych interweniowa\u0142y jednostki ochrony przeciwpo\u017carowej w tym: 4 po\u017cary, 6 miejscowych zagro\u017ce\u0144 i 2 alarmy fa\u0142szywe.<\/p>\n","protected":false},"author":1,"featured_media":0,"comment_status":"closed","ping_status":"closed","sticky":false,"template":"","format":"standard","meta":{"footnotes":""},"categories":[5,4,267],"tags":[491,643],"class_list":["post-21967","post","type-post","status-publish","format-standard","hentry","category-newsy","category-policja-straz-pozarna-pogotowie-ratunkowe","category-straz-pozarna-policja-straz-pozarna-pogotowie-ratunkowe","tag-komenda-powiatowa-panstwowej-strazy-pozarnej-w-wegrowie","tag-kronika-strazacka"],"views":2293,"_links":{"self":[{"href":"https:\/\/info.sadowne.pl\/index.php?rest_route=\/wp\/v2\/posts\/21967","targetHints":{"allow":["GET"]}}],"collection":[{"href":"https:\/\/info.sadowne.pl\/index.php?rest_route=\/wp\/v2\/posts"}],"about":[{"href":"https:\/\/info.sadowne.pl\/index.php?rest_route=\/wp\/v2\/types\/post"}],"author":[{"embeddable":true,"href":"https:\/\/info.sadowne.pl\/index.php?rest_route=\/wp\/v2\/users\/1"}],"replies":[{"embeddable":true,"href":"https:\/\/info.sadowne.pl\/index.php?rest_route=%2Fwp%2Fv2%2Fcomments&post=21967"}],"version-history":[{"count":1,"href":"https:\/\/info.sadowne.pl\/index.php?rest_route=\/wp\/v2\/posts\/21967\/revisions"}],"predecessor-version":[{"id":21968,"href":"https:\/\/info.sadowne.pl\/index.php?rest_route=\/wp\/v2\/posts\/21967\/revisions\/21968"}],"wp:attachment":[{"href":"https:\/\/info.sadowne.pl\/index.php?rest_route=%2Fwp%2Fv2%2Fmedia&parent=21967"}],"wp:term":[{"taxonomy":"category","embeddable":true,"href":"https:\/\/info.sadowne.pl\/index.php?rest_route=%2Fwp%2Fv2%2Fcategories&post=21967"},{"taxonomy":"post_tag","embeddable":true,"href":"https:\/\/info.sadowne.pl\/index.php?rest_route=%2Fwp%2Fv2%2Ftags&post=21967"}],"curies":[{"name":"wp","href":"https:\/\/api.w.org\/{rel}","templated":true}]}}