{"id":21971,"date":"2020-03-09T12:11:28","date_gmt":"2020-03-09T11:11:28","guid":{"rendered":"http:\/\/info.sadowne.pl\/?p=21971"},"modified":"2020-03-09T12:32:35","modified_gmt":"2020-03-09T11:32:35","slug":"pilne-maraton-siatkarski-w-sadownem-odwolany","status":"publish","type":"post","link":"https:\/\/info.sadowne.pl\/?p=21971","title":{"rendered":"PILNE! MARATON SIATKARSKI W SADOWNEM ODWO\u0141ANY!"},"content":{"rendered":"<p><strong><a href=\"http:\/\/info.sadowne.pl\/wp-content\/uploads\/2020\/02\/2020.02.19.1.jpg\"><img loading=\"lazy\" decoding=\"async\" class=\"alignleft size-thumbnail wp-image-21880\" src=\"http:\/\/info.sadowne.pl\/wp-content\/uploads\/2020\/02\/2020.02.19.1-180x130.jpg\" alt=\"\" width=\"180\" height=\"130\" \/><\/a>W imieniu Organizator\u00f3w Charytatywnego Maratonu Siatkarskiego \u201eGramy dla Natalki\u201d, kt\u00f3ry planowano na dni 14-15 marca br., informujemy, i\u017c zosta\u0142 on odwo\u0142any.<\/strong><!--more--><\/p>\n<p>W niedziel\u0119 8 marca G\u0142\u00f3wny Inspektorat Sanitarny zarekomendowa\u0142 odwo\u0142anie wszystkich imprez masowych powy\u017cej 1000 os\u00f3b, kt\u00f3re organizowane s\u0105 w pomieszczeniach zamkni\u0119tych. Ponadto, organizacja mniejszych imprez ka\u017cdorazowo podlega analizie pod k\u0105tem oceny ryzyka rozprzestrzenienia si\u0119 koronawirusa. Decyzj\u0119 podejmuje wojewoda, kt\u00f3ry mo\u017ce wyst\u0105pi\u0107 o rekomendacje do Pa\u0144stwowego Wojew\u00f3dzkiego Inspektora Sanitarnego, a w wyj\u0105tkowych przypadkach do G\u0142\u00f3wnego Inspektora Sanitarnego. Ma to zapewni\u0107 bezpiecze\u0144stwo uczestnikom.<\/p>\n<p><span style=\"color: #ff0000;\"><strong>W zwi\u0105zku z powy\u017cszym i po konsultacjach ze s\u0142u\u017cbami sanitarnymi, ze wzgl\u0119du na brak mo\u017cliwo\u015bci zabezpieczenia w pe\u0142ni bezpiecze\u0144stwa uczestnikom Maratonu Siatkarskiego w Sadownem podj\u0119to decyzj\u0119 o jego odwo\u0142aniu<\/strong><\/span> \u2013 bez wskazania nowego terminu tej imprezy.<\/p>\n<p><strong>Tekst:<\/strong> S\u0142awek Chyli\u0144ski<\/p>\n","protected":false},"excerpt":{"rendered":"<p>W imieniu Organizator\u00f3w Charytatywnego Maratonu Siatkarskiego \u201eGramy dla Natalki\u201d, kt\u00f3ry planowano na dni 14-15 marca br., informujemy, i\u017c zosta\u0142 on odwo\u0142any.<\/p>\n","protected":false},"author":1,"featured_media":0,"comment_status":"closed","ping_status":"closed","sticky":false,"template":"","format":"standard","meta":{"footnotes":""},"categories":[5,2137,7],"tags":[3323,1161,3326],"class_list":["post-21971","post","type-post","status-publish","format-standard","hentry","category-newsy","category-pilka-siatkowa","category-sport","tag-charytatywny-maraton-siatkarski-gramy-dla-natalki","tag-klub-sportowy-wicher-sadowne","tag-maraton-odwolany"],"views":2649,"_links":{"self":[{"href":"https:\/\/info.sadowne.pl\/index.php?rest_route=\/wp\/v2\/posts\/21971","targetHints":{"allow":["GET"]}}],"collection":[{"href":"https:\/\/info.sadowne.pl\/index.php?rest_route=\/wp\/v2\/posts"}],"about":[{"href":"https:\/\/info.sadowne.pl\/index.php?rest_route=\/wp\/v2\/types\/post"}],"author":[{"embeddable":true,"href":"https:\/\/info.sadowne.pl\/index.php?rest_route=\/wp\/v2\/users\/1"}],"replies":[{"embeddable":true,"href":"https:\/\/info.sadowne.pl\/index.php?rest_route=%2Fwp%2Fv2%2Fcomments&post=21971"}],"version-history":[{"count":2,"href":"https:\/\/info.sadowne.pl\/index.php?rest_route=\/wp\/v2\/posts\/21971\/revisions"}],"predecessor-version":[{"id":21973,"href":"https:\/\/info.sadowne.pl\/index.php?rest_route=\/wp\/v2\/posts\/21971\/revisions\/21973"}],"wp:attachment":[{"href":"https:\/\/info.sadowne.pl\/index.php?rest_route=%2Fwp%2Fv2%2Fmedia&parent=21971"}],"wp:term":[{"taxonomy":"category","embeddable":true,"href":"https:\/\/info.sadowne.pl\/index.php?rest_route=%2Fwp%2Fv2%2Fcategories&post=21971"},{"taxonomy":"post_tag","embeddable":true,"href":"https:\/\/info.sadowne.pl\/index.php?rest_route=%2Fwp%2Fv2%2Ftags&post=21971"}],"curies":[{"name":"wp","href":"https:\/\/api.w.org\/{rel}","templated":true}]}}