{"id":21988,"date":"2020-03-16T13:19:47","date_gmt":"2020-03-16T12:19:47","guid":{"rendered":"http:\/\/info.sadowne.pl\/?p=21988"},"modified":"2020-03-16T13:19:47","modified_gmt":"2020-03-16T12:19:47","slug":"kiermasz-wielkanocny-odwolany","status":"publish","type":"post","link":"https:\/\/info.sadowne.pl\/?p=21988","title":{"rendered":"Kiermasz Wielkanocny odwo\u0142any!"},"content":{"rendered":"<p><strong><a href=\"http:\/\/info.sadowne.pl\/wp-content\/uploads\/2015\/03\/szkolasadowne.jpg\"><img loading=\"lazy\" decoding=\"async\" class=\"alignleft size-thumbnail wp-image-7983\" src=\"http:\/\/info.sadowne.pl\/wp-content\/uploads\/2015\/03\/szkolasadowne-180x130.jpg\" alt=\"\" width=\"180\" height=\"130\" \/><\/a>Rada Rodzic\u00f3w Szko\u0142y Podstawowej im. b\u0142. ks. Edwarda Grzyma\u0142y w Sadownem informuje, i\u017c planowany na dzie\u0144 29 marca br. Kiermasz Wielkanocny zosta\u0142 odwo\u0142any.<\/strong><\/p>\n","protected":false},"excerpt":{"rendered":"<p>Rada Rodzic\u00f3w Szko\u0142y Podstawowej im. b\u0142. ks. Edwarda Grzyma\u0142y w Sadownem informuje, i\u017c planowany na dzie\u0144 29 marca br. Kiermasz Wielkanocny zosta\u0142 odwo\u0142any.<\/p>\n","protected":false},"author":1,"featured_media":0,"comment_status":"closed","ping_status":"closed","sticky":false,"template":"","format":"standard","meta":{"footnotes":""},"categories":[5,1752,84],"tags":[3328,3330,3274,16],"class_list":["post-21988","post","type-post","status-publish","format-standard","hentry","category-newsy","category-edukacja","category-szkola-podstawowa-im-cz-wycecha","tag-kiermasz-wielkanocny-2020","tag-kiermasz-wielkanocny-odwolany","tag-rada-rodzicow-szkoly-podstawowej-w-sadownem","tag-szkola-podstawowa-w-sadownem"],"views":2584,"_links":{"self":[{"href":"https:\/\/info.sadowne.pl\/index.php?rest_route=\/wp\/v2\/posts\/21988","targetHints":{"allow":["GET"]}}],"collection":[{"href":"https:\/\/info.sadowne.pl\/index.php?rest_route=\/wp\/v2\/posts"}],"about":[{"href":"https:\/\/info.sadowne.pl\/index.php?rest_route=\/wp\/v2\/types\/post"}],"author":[{"embeddable":true,"href":"https:\/\/info.sadowne.pl\/index.php?rest_route=\/wp\/v2\/users\/1"}],"replies":[{"embeddable":true,"href":"https:\/\/info.sadowne.pl\/index.php?rest_route=%2Fwp%2Fv2%2Fcomments&post=21988"}],"version-history":[{"count":1,"href":"https:\/\/info.sadowne.pl\/index.php?rest_route=\/wp\/v2\/posts\/21988\/revisions"}],"predecessor-version":[{"id":21989,"href":"https:\/\/info.sadowne.pl\/index.php?rest_route=\/wp\/v2\/posts\/21988\/revisions\/21989"}],"wp:attachment":[{"href":"https:\/\/info.sadowne.pl\/index.php?rest_route=%2Fwp%2Fv2%2Fmedia&parent=21988"}],"wp:term":[{"taxonomy":"category","embeddable":true,"href":"https:\/\/info.sadowne.pl\/index.php?rest_route=%2Fwp%2Fv2%2Fcategories&post=21988"},{"taxonomy":"post_tag","embeddable":true,"href":"https:\/\/info.sadowne.pl\/index.php?rest_route=%2Fwp%2Fv2%2Ftags&post=21988"}],"curies":[{"name":"wp","href":"https:\/\/api.w.org\/{rel}","templated":true}]}}