{"id":21994,"date":"2020-03-17T16:24:55","date_gmt":"2020-03-17T15:24:55","guid":{"rendered":"http:\/\/info.sadowne.pl\/?p=21994"},"modified":"2020-03-17T16:27:33","modified_gmt":"2020-03-17T15:27:33","slug":"srebro-i-braz-na-mistrzostwach-w-karate-kyokushin","status":"publish","type":"post","link":"https:\/\/info.sadowne.pl\/?p=21994","title":{"rendered":"Srebro i br\u0105z na Mistrzostwach w karate Kyokushin"},"content":{"rendered":"<p><a href=\"http:\/\/info.sadowne.pl\/wp-content\/uploads\/2020\/03\/2020.03.17.1.jpg\" target=\"_blank\" rel=\"noopener noreferrer\"><img loading=\"lazy\" decoding=\"async\" class=\"alignleft wp-image-21995 size-thumbnail\" src=\"http:\/\/info.sadowne.pl\/wp-content\/uploads\/2020\/03\/2020.03.17.1-180x130.jpg\" alt=\"\" width=\"180\" height=\"130\" \/><\/a><strong>W dniu 8 marca 2020 r. w Che\u0142mie odby\u0142y si\u0119 Mistrzostwa Makroregionu Wschodniego i Mi\u0119dzywojew\u00f3dzkie Mistrzostwa M\u0142odzik\u00f3w w Karate Kyokushin.<\/strong><\/p>\n<p><!--more--><\/p>\n<p><strong><a href=\"http:\/\/info.sadowne.pl\/wp-content\/uploads\/2020\/03\/2020.03.17.2.jpg\" target=\"_blank\" rel=\"noopener noreferrer\"><img loading=\"lazy\" decoding=\"async\" class=\"alignright wp-image-21996 size-medium\" src=\"http:\/\/info.sadowne.pl\/wp-content\/uploads\/2020\/03\/2020.03.17.2-169x300.jpg\" alt=\"\" width=\"169\" height=\"300\" srcset=\"https:\/\/info.sadowne.pl\/wp-content\/uploads\/2020\/03\/2020.03.17.2-169x300.jpg 169w, https:\/\/info.sadowne.pl\/wp-content\/uploads\/2020\/03\/2020.03.17.2.jpg 444w\" sizes=\"auto, (max-width: 169px) 100vw, 169px\" \/><\/a><\/strong>W Turnieju udzia\u0142 wzi\u0119\u0142o 364 zawodnik\u00f3w z 42 klub\u00f3w. Brokowski Klub Karate Kyokushinkai reprezentowa\u0142o dwie zawodniczki: Zofia Perzan i Oliwia Stanaszek.<\/p>\n<p>Obie zawodniczki startowa\u0142y w\u015br\u00f3d junior\u00f3w m\u0142odszych w kategorii plus 55 kg. Zar\u00f3wno Zosia, jak i Oliwia, zdecydowanie i jednog\u0142o\u015bnie wygra\u0142y swoje pojedynki w eliminacjach. \u00a0W strefie medalowej Zosia dotar\u0142a do fina\u0142u, w kt\u00f3rym nie zdo\u0142a\u0142a pokona\u0107 swojej r\u00f3wie\u015bniczki tym samym srebro dla Zosi. Oliwia za\u015b w walce o fina\u0142 uleg\u0142a swojej rywalce zdobywaj\u0105c br\u0105zowy medal na Mistrzostwach Makroregionu Wschodniego.<\/p>\n<p>Dwa medale na tak licznie obsadzonych Mistrzostwach Makroregionu s\u0105 du\u017cym sukcesem. Rywalizacja z mocnymi klubami nie jest \u0142atwa.<\/p>\n<p><strong>Tekst\/foto: <\/strong>Zbigniew W\u00f3jcicki<\/p>\n","protected":false},"excerpt":{"rendered":"<p>W dniu 8 marca 2020 r. w Che\u0142mie odby\u0142y si\u0119 Mistrzostwa Makroregionu Wschodniego i Mi\u0119dzywojew\u00f3dzkie Mistrzostwa M\u0142odzik\u00f3w w Karate Kyokushin.<\/p>\n","protected":false},"author":1,"featured_media":0,"comment_status":"closed","ping_status":"closed","sticky":false,"template":"","format":"standard","meta":{"footnotes":""},"categories":[5,2029,7],"tags":[794,3333,2030,3332],"class_list":["post-21994","post","type-post","status-publish","format-standard","hentry","category-newsy","category-karate","category-sport","tag-brokowski-klub-karate-kyokushinkai","tag-oliwia-stanaszek","tag-zbigniew-wojcicki","tag-zofia-perzan"],"views":2519,"_links":{"self":[{"href":"https:\/\/info.sadowne.pl\/index.php?rest_route=\/wp\/v2\/posts\/21994","targetHints":{"allow":["GET"]}}],"collection":[{"href":"https:\/\/info.sadowne.pl\/index.php?rest_route=\/wp\/v2\/posts"}],"about":[{"href":"https:\/\/info.sadowne.pl\/index.php?rest_route=\/wp\/v2\/types\/post"}],"author":[{"embeddable":true,"href":"https:\/\/info.sadowne.pl\/index.php?rest_route=\/wp\/v2\/users\/1"}],"replies":[{"embeddable":true,"href":"https:\/\/info.sadowne.pl\/index.php?rest_route=%2Fwp%2Fv2%2Fcomments&post=21994"}],"version-history":[{"count":2,"href":"https:\/\/info.sadowne.pl\/index.php?rest_route=\/wp\/v2\/posts\/21994\/revisions"}],"predecessor-version":[{"id":21998,"href":"https:\/\/info.sadowne.pl\/index.php?rest_route=\/wp\/v2\/posts\/21994\/revisions\/21998"}],"wp:attachment":[{"href":"https:\/\/info.sadowne.pl\/index.php?rest_route=%2Fwp%2Fv2%2Fmedia&parent=21994"}],"wp:term":[{"taxonomy":"category","embeddable":true,"href":"https:\/\/info.sadowne.pl\/index.php?rest_route=%2Fwp%2Fv2%2Fcategories&post=21994"},{"taxonomy":"post_tag","embeddable":true,"href":"https:\/\/info.sadowne.pl\/index.php?rest_route=%2Fwp%2Fv2%2Ftags&post=21994"}],"curies":[{"name":"wp","href":"https:\/\/api.w.org\/{rel}","templated":true}]}}