{"id":22040,"date":"2020-03-26T15:05:59","date_gmt":"2020-03-26T14:05:59","guid":{"rendered":"http:\/\/info.sadowne.pl\/?p=22040"},"modified":"2020-03-26T15:05:59","modified_gmt":"2020-03-26T14:05:59","slug":"decyzja-dyrektora-szkoly-podstawowej-im-bl-ks-edwarda-grzymaly-w-sadownem","status":"publish","type":"post","link":"https:\/\/info.sadowne.pl\/?p=22040","title":{"rendered":"Decyzja dyrektora Szko\u0142y Podstawowej im. b\u0142. ks. Edwarda Grzyma\u0142y w Sadownem"},"content":{"rendered":"<p><strong><a href=\"http:\/\/info.sadowne.pl\/wp-content\/uploads\/2017\/04\/szko\u0142a.jpg\" target=\"_blank\" rel=\"noopener noreferrer\"><img loading=\"lazy\" decoding=\"async\" class=\"alignleft wp-image-15552 size-thumbnail\" src=\"http:\/\/info.sadowne.pl\/wp-content\/uploads\/2017\/04\/szko\u0142a-180x130.jpg\" alt=\"\" width=\"180\" height=\"130\" \/><\/a><\/strong><strong>Szanowni Pa\u0144stwo! Zgodnie z rozporz\u0105dzeniem Ministerstwa Edukacji Narodowej z dnia 11 marca 2020 r. szko\u0142a rozpocz\u0119\u0142a nauk\u0119 na odleg\u0142o\u015b\u0107 (nauk\u0119 zdaln\u0105).<\/strong><!--more--><\/p>\n<p>Nauczyciele poszczeg\u00f3lnych przedmiot\u00f3w przekazywali rodzicom i uczniom materia\u0142y do pracy w domu. Ministerstwo Edukacji Narodowej przed\u0142u\u017ca szko\u0142om do 10 kwietnia kszta\u0142cenie na odleg\u0142o\u015b\u0107. W tym tygodniu zosta\u0142o tak\u017ce wydane rozporz\u0105dzenie, kt\u00f3re zobowi\u0105zuje nauczycieli do realizacji tre\u015bci zawartych w podstawie programowej oraz ich monitorowanie i weryfikacj\u0119. Jest to dla nas sytuacja trudna i do tej pory nie by\u0142a praktykowana. Efekty podj\u0119tych dzia\u0142a\u0144 zale\u017ce\u0107 b\u0119d\u0105 wy\u0142\u0105cznie od wsp\u00f3lnego zrozumienia i zaanga\u017cowania.<\/p>\n<p><span style=\"color: #0000ff;\"><strong><a style=\"color: #0000ff;\" href=\"http:\/\/info.sadowne.pl\/wp-content\/uploads\/2020\/03\/Zdalne-naczanie-do-rodzic\u00f3w-25.03.2020.docx\" target=\"_blank\" rel=\"noopener noreferrer\">Pe\u0142ny tekst Decyzji dyrektora szko\u0142y&gt;&gt;&gt;\u00a0<\/a>\u00a0\u00a0\u00a0\u00a0\u00a0\u00a0\u00a0\u00a0\u00a0 <\/strong><\/span><\/p>\n<p><strong>\u00a0\u00a0\u00a0\u00a0\u00a0\u00a0 <\/strong><\/p>\n","protected":false},"excerpt":{"rendered":"<p>Szanowni Pa\u0144stwo! Zgodnie z rozporz\u0105dzeniem Ministerstwa Edukacji Narodowej z dnia 11 marca 2020 r. szko\u0142a rozpocz\u0119\u0142a nauk\u0119 na odleg\u0142o\u015b\u0107 (nauk\u0119 zdaln\u0105).<\/p>\n","protected":false},"author":1,"featured_media":0,"comment_status":"closed","ping_status":"closed","sticky":false,"template":"","format":"standard","meta":{"footnotes":""},"categories":[5,1752,84],"tags":[3340,3341,16],"class_list":["post-22040","post","type-post","status-publish","format-standard","hentry","category-newsy","category-edukacja","category-szkola-podstawowa-im-cz-wycecha","tag-decyzja-dyrektora-szkoly-podstawowej-im-bl-ks-edwarda-grzymaly-w-sadownem","tag-pandemia-kronawirusa","tag-szkola-podstawowa-w-sadownem"],"views":3313,"_links":{"self":[{"href":"https:\/\/info.sadowne.pl\/index.php?rest_route=\/wp\/v2\/posts\/22040","targetHints":{"allow":["GET"]}}],"collection":[{"href":"https:\/\/info.sadowne.pl\/index.php?rest_route=\/wp\/v2\/posts"}],"about":[{"href":"https:\/\/info.sadowne.pl\/index.php?rest_route=\/wp\/v2\/types\/post"}],"author":[{"embeddable":true,"href":"https:\/\/info.sadowne.pl\/index.php?rest_route=\/wp\/v2\/users\/1"}],"replies":[{"embeddable":true,"href":"https:\/\/info.sadowne.pl\/index.php?rest_route=%2Fwp%2Fv2%2Fcomments&post=22040"}],"version-history":[{"count":1,"href":"https:\/\/info.sadowne.pl\/index.php?rest_route=\/wp\/v2\/posts\/22040\/revisions"}],"predecessor-version":[{"id":22041,"href":"https:\/\/info.sadowne.pl\/index.php?rest_route=\/wp\/v2\/posts\/22040\/revisions\/22041"}],"wp:attachment":[{"href":"https:\/\/info.sadowne.pl\/index.php?rest_route=%2Fwp%2Fv2%2Fmedia&parent=22040"}],"wp:term":[{"taxonomy":"category","embeddable":true,"href":"https:\/\/info.sadowne.pl\/index.php?rest_route=%2Fwp%2Fv2%2Fcategories&post=22040"},{"taxonomy":"post_tag","embeddable":true,"href":"https:\/\/info.sadowne.pl\/index.php?rest_route=%2Fwp%2Fv2%2Ftags&post=22040"}],"curies":[{"name":"wp","href":"https:\/\/api.w.org\/{rel}","templated":true}]}}