{"id":22157,"date":"2020-04-20T11:33:50","date_gmt":"2020-04-20T09:33:50","guid":{"rendered":"http:\/\/info.sadowne.pl\/?p=22157"},"modified":"2020-04-20T11:33:50","modified_gmt":"2020-04-20T09:33:50","slug":"kronika-strazacka-14-19-kwietnia","status":"publish","type":"post","link":"https:\/\/info.sadowne.pl\/?p=22157","title":{"rendered":"Kronika stra\u017cacka 14-19 kwietnia"},"content":{"rendered":"<p><strong><a href=\"http:\/\/info.sadowne.pl\/wp-content\/uploads\/2013\/07\/straz3.jpg\"><img loading=\"lazy\" decoding=\"async\" class=\"alignleft size-thumbnail wp-image-2625\" src=\"http:\/\/info.sadowne.pl\/wp-content\/uploads\/2013\/07\/straz3-180x130.jpg\" alt=\"\" width=\"180\" height=\"130\" \/><\/a>W<\/strong> <strong>okresie<\/strong> <strong>14-<\/strong><strong>19 kwietnia <\/strong><strong>na<\/strong> <strong>terenie<\/strong> <strong>powiatu<\/strong> <strong>w\u0119growskiego<\/strong> <strong>zanotowano 30<\/strong><strong> zdarze\u0144<\/strong><strong>,<\/strong> <strong>przy<\/strong> <strong>kt\u00f3rych<\/strong> <strong>interweniowa\u0142y<\/strong> <strong>jednostki<\/strong> <strong>ochrony<\/strong> <strong>przeciwpo\u017carowej, w tym: <\/strong><strong>22 po\u017cary (w tym <\/strong><strong>7 po\u017car\u00f3w traw, 10 po\u017car\u00f3w lasu), 8 miejscowych zagro\u017ce\u0144. <\/strong><!--more--><\/p>\n<p><strong>14-18.04.2020 \u2013 \u00a0gm. \u0141och\u00f3w \u2013 Informowanie ludno\u015bci o zagro\u017ceniu zwi\u0105zanym z koronawirusem<\/strong><\/p>\n<p>Zast\u0119p OSP \u0141och\u00f3w Fabr. na polecenie Burmistrza miasta \u0141ochowa, informowa\u0142 spo\u0142ecze\u0144stwo o zagro\u017ceniach i zaleceniach zwi\u0105zanych z przeciwdzia\u0142aniem COVID-19. Dzia\u0142ania zast\u0119pu OSP polega\u0142y na przeje\u017adzie ulicami miasta i gminy oraz nadawaniu komunikat\u00f3w przez megafon.<\/p>\n<p><strong>16.04.2020 \u2013 Baczki, gm. \u0141och\u00f3w\u2013 Po\u017car samochodu osobowego<\/strong><\/p>\n<p>W chwili przybycia pierwszego zast\u0119pu pali\u0142 si\u0119 samoch\u00f3d osobowy. Ruch zablokowany w obydwu kierunkach. Brak os\u00f3b poszkodowanych. Po\u017car wydobywa\u0142 si\u0119 spod maski pojazdu. Dzia\u0142ania zast\u0119p\u00f3w polega\u0142y na zabezpieczeniu miejsca zdarzenia i podaniu pr\u0105du piany ci\u0119\u017ckiej w natarciu na pal\u0105ce si\u0119 auto, doprowadzaj\u0105c do lokalizacji, a nast\u0119pnie ugaszenia po\u017caru. Od\u0142\u0105czono klemy akumulatora i zakr\u0119cono butle LPG. Po zabraniu pojazdu przez lawet\u0119 i uprz\u0105tni\u0119ciu jezdni, dzia\u0142ania zast\u0119p\u00f3w zosta\u0142y zako\u0144czone.<\/p>\n<p><strong>17.04.2020 \u2013 Top\u00f3r, gm. Stoczek \u2013 Po\u017car Lasu<\/strong><\/p>\n<p>Przyby\u0142y na miejsce zast\u0119p PSP w wyniku rozpoznania stwierdzi\u0142, \u017ce pali si\u0119 poszycie le\u015bne na znacznym obszarze i za\u017c\u0105da\u0142 zadysponowania wi\u0119kszej ilo\u015bci zast\u0119p\u00f3w ga\u015bniczych. Do po\u017caru zadysponowano dodatkowe zast\u0119py OSP. Dzia\u0142ania przyby\u0142ych zast\u0119p\u00f3w skupi\u0142y si\u0119 na opanowaniu frontu po\u017caru poprzez podanie 5 pr\u0105d\u00f3w wody w natarciu, r\u00f3wnocze\u015bnie po\u017car gaszono przy u\u017cyciu t\u0142umic. \u0141\u0105cznie po\u017car gasi\u0142o 11 zast\u0119p\u00f3w stra\u017cy oraz 4 pracownik\u00f3w s\u0142u\u017cby le\u015bnej, spaleniu uleg\u0142o 1,5 ha lasu.<\/p>\n<p><strong>19.04.2020 \u2013 Zawady, gm. Liw \u2013 Po\u017car sadzy w kominie<\/strong><strong>\u00a0<\/strong><\/p>\n<p>Po doje\u017adzie na miejsce zdarzenia zast\u0119p\u00f3w JRG W\u0119gr\u00f3w, stra\u017cacy stwierdzili, \u017ce w budynku jednokondygnacyjnym, murowanym, w przewodzie kominowym pal\u0105 si\u0119 sadze, pr\u0105d w budynku zosta\u0142 wy\u0142\u0105czony, jedno z pomieszcze\u0144 mieszkalnych uleg\u0142o spaleniu. Po\u017car zosta\u0142 ugaszony przez domownik\u00f3w przed przybyciem stra\u017cy po\u017carnej. Nast\u0119pnie wygaszono piec oraz ugaszono sadze w przewodzie kominowym za pomoc\u0105 ga\u015bnicy proszkowej, co przyczyni\u0142o si\u0119 lokalizacji po\u017caru. W trakcie dzia\u0142a\u0144 udzielono kwalifikowanej pomocy przedmedycznej dw\u00f3m osobom poszkodowanym z podejrzeniem podtrucia tlenkiem w\u0119gla (m\u0119\u017cczy\u017anie i kobiecie), kt\u00f3re przekazano ratownikom medycznym.<\/p>\n<p><strong>KP PSP W\u0119gr\u00f3w<\/strong><\/p>\n","protected":false},"excerpt":{"rendered":"<p>W okresie 14-19 kwietnia na terenie powiatu w\u0119growskiego zanotowano 30 zdarze\u0144, przy kt\u00f3rych interweniowa\u0142y jednostki ochrony przeciwpo\u017carowej, w tym: 22 po\u017cary (w tym 7 po\u017car\u00f3w traw, 10 po\u017car\u00f3w lasu), 8 miejscowych zagro\u017ce\u0144.<\/p>\n","protected":false},"author":1,"featured_media":0,"comment_status":"closed","ping_status":"closed","sticky":false,"template":"","format":"standard","meta":{"footnotes":""},"categories":[5,4,267],"tags":[491,643],"class_list":["post-22157","post","type-post","status-publish","format-standard","hentry","category-newsy","category-policja-straz-pozarna-pogotowie-ratunkowe","category-straz-pozarna-policja-straz-pozarna-pogotowie-ratunkowe","tag-komenda-powiatowa-panstwowej-strazy-pozarnej-w-wegrowie","tag-kronika-strazacka"],"views":2808,"_links":{"self":[{"href":"https:\/\/info.sadowne.pl\/index.php?rest_route=\/wp\/v2\/posts\/22157","targetHints":{"allow":["GET"]}}],"collection":[{"href":"https:\/\/info.sadowne.pl\/index.php?rest_route=\/wp\/v2\/posts"}],"about":[{"href":"https:\/\/info.sadowne.pl\/index.php?rest_route=\/wp\/v2\/types\/post"}],"author":[{"embeddable":true,"href":"https:\/\/info.sadowne.pl\/index.php?rest_route=\/wp\/v2\/users\/1"}],"replies":[{"embeddable":true,"href":"https:\/\/info.sadowne.pl\/index.php?rest_route=%2Fwp%2Fv2%2Fcomments&post=22157"}],"version-history":[{"count":1,"href":"https:\/\/info.sadowne.pl\/index.php?rest_route=\/wp\/v2\/posts\/22157\/revisions"}],"predecessor-version":[{"id":22158,"href":"https:\/\/info.sadowne.pl\/index.php?rest_route=\/wp\/v2\/posts\/22157\/revisions\/22158"}],"wp:attachment":[{"href":"https:\/\/info.sadowne.pl\/index.php?rest_route=%2Fwp%2Fv2%2Fmedia&parent=22157"}],"wp:term":[{"taxonomy":"category","embeddable":true,"href":"https:\/\/info.sadowne.pl\/index.php?rest_route=%2Fwp%2Fv2%2Fcategories&post=22157"},{"taxonomy":"post_tag","embeddable":true,"href":"https:\/\/info.sadowne.pl\/index.php?rest_route=%2Fwp%2Fv2%2Ftags&post=22157"}],"curies":[{"name":"wp","href":"https:\/\/api.w.org\/{rel}","templated":true}]}}