{"id":2227,"date":"2013-06-12T21:03:11","date_gmt":"2013-06-12T19:03:11","guid":{"rendered":"http:\/\/www.infosadowne.boo.pl\/?p=2227"},"modified":"2013-08-27T20:50:09","modified_gmt":"2013-08-27T18:50:09","slug":"zapraszamy-na-nowa-wystawe","status":"publish","type":"post","link":"https:\/\/info.sadowne.pl\/?p=2227","title":{"rendered":"Zapraszamy na now\u0105 wystaw\u0119"},"content":{"rendered":"<p style=\"text-align: justify;\"><strong><img loading=\"lazy\" decoding=\"async\" class=\"alignleft size-thumbnail wp-image-2228\" alt=\"2013.06.12.15\" src=\"http:\/\/www.info.sadowne.pl\/wp-content\/uploads\/2013\/06\/2013.06.12.15-180x130.jpg\" width=\"180\" height=\"130\" \/>W Izbie Regionalnej Muzeum Ziemi Sadowie\u0144skiej (budynek GOK) obecnie mo\u017cna obejrze\u0107 wystaw\u0119 obraz\u00f3w, kt\u00f3re powsta\u0142y podczas poprzednich Plener\u00f3w Malarskich w Sadownem.<!--more--><\/strong><\/p>\n<p style=\"text-align: justify;\">Prace artyst\u00f3w plastyk\u00f3w cz\u0119sto pokazywane s\u0105 grupom zorganizowanym. Tym razem, 11 czerwca, do Sadownego zawita\u0142a wycieczka z Wo\u0142omina &#8211; panie ze Zwi\u0105zku Nauczycielstwa Polskiego i aktualnie uczestniczki Uniwersytetu Trzeciego Wieku.\u00a0Jak zwykle, z rado\u015bci\u0105 przyj\u0119te zosta\u0142y przez P. Janusza Urbankowskiego, kt\u00f3ry nie tylko barwnie omawia poszczeg\u00f3lne prace malarskie, ale te\u017c ch\u0119tnie dodaje do nich w\u0105tki historyczne. Zwiedzaj\u0105ce doceni\u0142y zaanga\u017cowanie przewodnika muzeum, za co zosta\u0142 zaproszony na spotkanie Uniwersytetu.<\/p>\n<p style=\"text-align: justify;\"><strong>Serdecznie zapraszamy do Izby Regionalnej.<\/strong><\/p>\n<p style=\"text-align: justify;\">\n","protected":false},"excerpt":{"rendered":"<p>W Izbie Regionalnej Muzeum Ziemi Sadowie\u0144skiej (budynek GOK) obecnie mo\u017cna obejrze\u0107 wystaw\u0119 obraz\u00f3w, kt\u00f3re powsta\u0142y podczas poprzednich Plener\u00f3w Malarskich w Sadownem.<\/p>\n","protected":false},"author":1,"featured_media":0,"comment_status":"open","ping_status":"open","sticky":false,"template":"","format":"standard","meta":{"footnotes":""},"categories":[5,91,6,81],"tags":[169,79,257],"class_list":["post-2227","post","type-post","status-publish","format-standard","hentry","category-newsy","category-gminny-osrodek-kultury","category-kultura-rozrywka-edukacja","category-muzeum","tag-gminny-osrodek-kultury-w-sadownem","tag-muzeum-ziemi-sadowienskiej","tag-wystawa-malarstwa-w-sadownem"],"views":3090,"_links":{"self":[{"href":"https:\/\/info.sadowne.pl\/index.php?rest_route=\/wp\/v2\/posts\/2227","targetHints":{"allow":["GET"]}}],"collection":[{"href":"https:\/\/info.sadowne.pl\/index.php?rest_route=\/wp\/v2\/posts"}],"about":[{"href":"https:\/\/info.sadowne.pl\/index.php?rest_route=\/wp\/v2\/types\/post"}],"author":[{"embeddable":true,"href":"https:\/\/info.sadowne.pl\/index.php?rest_route=\/wp\/v2\/users\/1"}],"replies":[{"embeddable":true,"href":"https:\/\/info.sadowne.pl\/index.php?rest_route=%2Fwp%2Fv2%2Fcomments&post=2227"}],"version-history":[{"count":5,"href":"https:\/\/info.sadowne.pl\/index.php?rest_route=\/wp\/v2\/posts\/2227\/revisions"}],"predecessor-version":[{"id":2967,"href":"https:\/\/info.sadowne.pl\/index.php?rest_route=\/wp\/v2\/posts\/2227\/revisions\/2967"}],"wp:attachment":[{"href":"https:\/\/info.sadowne.pl\/index.php?rest_route=%2Fwp%2Fv2%2Fmedia&parent=2227"}],"wp:term":[{"taxonomy":"category","embeddable":true,"href":"https:\/\/info.sadowne.pl\/index.php?rest_route=%2Fwp%2Fv2%2Fcategories&post=2227"},{"taxonomy":"post_tag","embeddable":true,"href":"https:\/\/info.sadowne.pl\/index.php?rest_route=%2Fwp%2Fv2%2Ftags&post=2227"}],"curies":[{"name":"wp","href":"https:\/\/api.w.org\/{rel}","templated":true}]}}