{"id":2337,"date":"2013-06-15T14:38:29","date_gmt":"2013-06-15T12:38:29","guid":{"rendered":"http:\/\/www.infosadowne.boo.pl\/?p=2337"},"modified":"2013-11-08T12:33:30","modified_gmt":"2013-11-08T11:33:30","slug":"czy-wiesz-ze-hubal-byl-na-naszym-terenie","status":"publish","type":"post","link":"https:\/\/info.sadowne.pl\/?p=2337","title":{"rendered":"&#8222;Hubal&#8221; by\u0142 na naszym terenie?"},"content":{"rendered":"<p style=\"text-align: justify;\"><strong> <img loading=\"lazy\" decoding=\"async\" class=\"alignleft size-thumbnail wp-image-3558\" alt=\"O\" src=\"http:\/\/www.info.sadowne.pl\/wp-content\/uploads\/2013\/06\/PC270025-180x130.jpg\" width=\"180\" height=\"130\" \/>We wrze\u015bniu 1939 r. przez teren gminy Sadowne przeszed\u0142 oddzia\u0142 mjra Henryka Dobrza\u0144skiego ps. \u201eHubal\u201d. 26 wrze\u015bnia u\u0142ani Hubala uczestniczyli we mszy w Por\u0119bie.<!--more--> <\/strong><\/p>\n<p style=\"text-align: justify;\">Z Por\u0119by oddzia\u0142 \u201eHubala\u201d przez wie\u015b Udrzyn dotar\u0142 do Bugu. W Udrzynie \u017co\u0142nierze wymienili w\u00f3z taborowy ze zm\u0119czonym koniem na zaprz\u0119g ch\u0142opski i porzucili dzia\u0142o, kt\u00f3rego nie mogli przeprawi\u0107 przez rzek\u0119. Zamek dzia\u0142a wrzucili do wody, aby bro\u0144 nie mog\u0142a s\u0142u\u017cy\u0107 Niemcom.<\/p>\n<div id=\"attachment_2340\" style=\"width: 190px\" class=\"wp-caption alignright\"><a href=\"http:\/\/www.info.sadowne.pl\/wp-content\/uploads\/2013\/06\/2013.06.15.jpg\" target=\"_blank\"><img loading=\"lazy\" decoding=\"async\" aria-describedby=\"caption-attachment-2340\" class=\"size-thumbnail wp-image-2340\" alt=\"O\" src=\"http:\/\/www.info.sadowne.pl\/wp-content\/uploads\/2013\/06\/2013.06.15-180x130.jpg\" width=\"180\" height=\"130\" \/><\/a><p id=\"caption-attachment-2340\" class=\"wp-caption-text\">Zbiory Muzeum Ziemi Sadowie\u0144skiej<\/p><\/div>\n<p style=\"text-align: justify;\"><strong>Nast\u0119pnie oddzia\u0142 przeprawi\u0142 si\u0119 przez Bug na jego lewy brzeg w pobli\u017cu zabudowa\u0144 Franciszka Zas\u0142ony w Ra\u017cnach, a st\u0105d skierowa\u0142 si\u0119 na Urle i Warszaw\u0119.<\/strong> Nie zd\u0105\u017cy\u0142 jednak dotrze\u0107 do celu przed kapitulacj\u0105 stolicy\u2026<\/p>\n<p style=\"text-align: justify;\">Ko\u0142o z wozu &#8222;hubalowego&#8221; zosta\u0142o podarowane Muzeum Ziemi Sadowie\u0144skiej, gdzie mo\u017cna je obejrze\u0107.<\/p>\n<p style=\"text-align: justify;\"><strong>\u00a0<\/strong><\/p>\n","protected":false},"excerpt":{"rendered":"<p>We wrze\u015bniu 1939 r. przez teren gminy Sadowne przeszed\u0142 oddzia\u0142 mjra Henryka Dobrza\u0144skiego ps. \u201eHubal\u201d. 26 wrze\u015bnia u\u0142ani Hubala uczestniczyli we mszy w Por\u0119bie.<\/p>\n","protected":false},"author":1,"featured_media":0,"comment_status":"open","ping_status":"open","sticky":false,"template":"","format":"standard","meta":{"footnotes":""},"categories":[5,31],"tags":[101,269,79],"class_list":["post-2337","post","type-post","status-publish","format-standard","hentry","category-newsy","category-historia-gminy","tag-historia-gminy-sadowne","tag-mjr-henryk-dobrzanski-hubal","tag-muzeum-ziemi-sadowienskiej"],"views":3942,"_links":{"self":[{"href":"https:\/\/info.sadowne.pl\/index.php?rest_route=\/wp\/v2\/posts\/2337","targetHints":{"allow":["GET"]}}],"collection":[{"href":"https:\/\/info.sadowne.pl\/index.php?rest_route=\/wp\/v2\/posts"}],"about":[{"href":"https:\/\/info.sadowne.pl\/index.php?rest_route=\/wp\/v2\/types\/post"}],"author":[{"embeddable":true,"href":"https:\/\/info.sadowne.pl\/index.php?rest_route=\/wp\/v2\/users\/1"}],"replies":[{"embeddable":true,"href":"https:\/\/info.sadowne.pl\/index.php?rest_route=%2Fwp%2Fv2%2Fcomments&post=2337"}],"version-history":[{"count":10,"href":"https:\/\/info.sadowne.pl\/index.php?rest_route=\/wp\/v2\/posts\/2337\/revisions"}],"predecessor-version":[{"id":3561,"href":"https:\/\/info.sadowne.pl\/index.php?rest_route=\/wp\/v2\/posts\/2337\/revisions\/3561"}],"wp:attachment":[{"href":"https:\/\/info.sadowne.pl\/index.php?rest_route=%2Fwp%2Fv2%2Fmedia&parent=2337"}],"wp:term":[{"taxonomy":"category","embeddable":true,"href":"https:\/\/info.sadowne.pl\/index.php?rest_route=%2Fwp%2Fv2%2Fcategories&post=2337"},{"taxonomy":"post_tag","embeddable":true,"href":"https:\/\/info.sadowne.pl\/index.php?rest_route=%2Fwp%2Fv2%2Ftags&post=2337"}],"curies":[{"name":"wp","href":"https:\/\/api.w.org\/{rel}","templated":true}]}}