{"id":23381,"date":"2020-04-30T17:06:09","date_gmt":"2020-04-30T15:06:09","guid":{"rendered":"http:\/\/info.sadowne.pl\/?p=23381"},"modified":"2020-04-30T17:06:09","modified_gmt":"2020-04-30T15:06:09","slug":"list-wojta-gminy-sadowne-do-mieszkancow","status":"publish","type":"post","link":"https:\/\/info.sadowne.pl\/?p=23381","title":{"rendered":"List W\u00f3jta Gminy Sadowne do mieszka\u0144c\u00f3w\u2026"},"content":{"rendered":"<p><strong><em><a href=\"http:\/\/info.sadowne.pl\/wp-content\/uploads\/2020\/04\/2020.04.30.1.jpg\" target=\"_blank\" rel=\"noopener noreferrer\"><img loading=\"lazy\" decoding=\"async\" class=\"alignleft wp-image-23382 size-thumbnail\" src=\"http:\/\/info.sadowne.pl\/wp-content\/uploads\/2020\/04\/2020.04.30.1-180x130.jpg\" alt=\"\" width=\"180\" height=\"130\" \/><\/a>Drodzy Mieszka\u0144cy, Druhny i Druhowie OSP, wszyscy przebywaj\u0105cy na terenie Gminy Sadowne!<\/em><\/strong><!--more--><\/p>\n<p><em>Jeste\u015bmy w przeddzie\u0144 pierwszych dni maja, w tym czasie co roku gromadzili\u015bmy si\u0119 chc\u0105c uczci\u0107 \u015awi\u0119to Flagi, ciesz\u0105c si\u0119 kolejn\u0105 rocznic\u0105 uchwalenia Konstytucji 3 maja, a 4 maja wspominaj\u0105c i dzi\u0119kuj\u0105c naszym stra\u017cakom za ofiarn\u0105 s\u0142u\u017cb\u0119 dla naszej Gminy i jej mieszka\u0144c\u00f3w, prosz\u0105c \u015bw. Floriana o opiek\u0119 nad nimi<br \/>\ni ich rodzinami.<\/em><\/p>\n<p><em>Co roku, spotykali\u015bmy si\u0119 w naszym parafialnym ko\u015bciele na mszy \u015bw. w intencji naszej ojczyzny i druh\u00f3w stra\u017cak\u00f3w, nast\u0119pnie oddawali\u015bmy cze\u015b\u0107 naszym przodkom nad kamieniem pami\u0119ci oraz prze\u017cywali\u015bmy uroczysty apel wszystkich jednostek OSP z terenu Gminy Sadowne.<\/em><\/p>\n<p><em><a href=\"http:\/\/info.sadowne.pl\/wp-content\/uploads\/2020\/04\/2020.04.30.5.jpg\"><img loading=\"lazy\" decoding=\"async\" class=\"alignleft size-full wp-image-23383\" src=\"http:\/\/info.sadowne.pl\/wp-content\/uploads\/2020\/04\/2020.04.30.5.jpg\" alt=\"\" width=\"218\" height=\"302\" srcset=\"https:\/\/info.sadowne.pl\/wp-content\/uploads\/2020\/04\/2020.04.30.5.jpg 218w, https:\/\/info.sadowne.pl\/wp-content\/uploads\/2020\/04\/2020.04.30.5-217x300.jpg 217w\" sizes=\"auto, (max-width: 218px) 100vw, 218px\" \/><\/a>Niestety, od kilku tygodni \u017cyjemy w innej rzeczywisto\u015bci, spowodowanej wirusem covid-19 i og\u0142oszonym przez w\u0142adze rz\u0105dowe RP stanie epidemii, kt\u00f3ra uniemo\u017cliwia nam wsp\u00f3lne \u015bwi\u0119towanie.<\/em><\/p>\n<p><em>Zara\u017cenia i wszystkie obostrzenia nie omin\u0119\u0142y r\u00f3wnie\u017c Gminy Sadowne. W tym trudnym dla nas czasie, staramy si\u0119 by\u0107 blisko Was, aby powoli wr\u00f3ci\u0107 do normalnego \u017cycia. W ramach pomocy mieszka\u0144com szyte i rozdawane s\u0105 maseczki, zosta\u0142 pozyskany sprz\u0119t komputerowy do zdalnego nauczania, otwarto targowisko gminne. Na bie\u017c\u0105co realizujemy zaplanowane w bud\u017cecie zadania inwestycyjne.<\/em><\/p>\n<p><em>Miesi\u0105c maj to te\u017c czas zaplanowanych i wynikaj\u0105cych z Konstytucji wybor\u00f3w na Prezydenta RP. Przygl\u0105damy si\u0119 z olbrzymim niepokojem na panuj\u0105cy ba\u0142agan i przepychanki parlamentarne, kto ma racj\u0119 i czyja wyk\u0142adnia prawa jest s\u0142uszna. Pr\u00f3buje si\u0119 wci\u0105gn\u0105\u0107 samorz\u0105dy w gr\u0119 polityczn\u0105 i obarczy\u0107 odpowiedzialno\u015bci\u0105 za brak jednoznacznego prawa w materii wybor\u00f3w prezydenckich. Samorz\u0105dy zawsze wykonuj\u0105 swoje zadania na podstawie ustaw i w majestacie obowi\u0105zuj\u0105cego prawa. <\/em><\/p>\n<p><em>Dop\u00f3ki nie zostanie za\u017cegnany chaos zako\u0144czenia procedowania ustaw, stosujemy si\u0119 do aktualnie obowi\u0105zuj\u0105cych akt\u00f3w prawnych i polece\u0144 w tym temacie Pa\u0144stwowej Komisji Wyborczej.<\/em><\/p>\n<p><em>Drodzy Mieszka\u0144cy, Szanowni Pa\u0144stwo, dzi\u0119kuj\u0119 za wyrozumia\u0142o\u015b\u0107 i zrozumienie tego wyj\u0105tkowego czasu. Dzi\u0119kuj\u0119, \u017ce stosujecie si\u0119 do koniecznych dla dobra nas wszystkich obostrze\u0144 i wyrzecze\u0144. Wierz\u0119, \u017ce co najgorsze ju\u017c za nami i wszystko powoli zacznie wraca\u0107 do normy z przed epidemii i tego wszystkiego \u017cycz\u0119.<\/em><\/p>\n<p><em>Zwracam si\u0119 r\u00f3wnie\u017c do Was z pro\u015bb\u0105, aby pomimo panuj\u0105cej epidemii, nie zapomnie\u0107 o wywieszeniu bia\u0142o czerwonej flagi, naszego symbolu narodowego. Zach\u0119cam Pa\u0144stwa do tego z ca\u0142ego serca. Uczcijmy, te wa\u017cne dla nas wszystkich dni, pami\u0119ci\u0105 o ojczy\u017anie, dokonaniach naszych wielkich Polak\u00f3w i tych, kt\u00f3rzy dbali i dbaj\u0105 o bezpiecze\u0144stwo nas wszystkich \u2013 druhen i druh\u00f3w stra\u017cak\u00f3w.<\/em><\/p>\n<p><strong><em>Pozdrawiam, \u017cycz\u0119 zdrowia i dobrego \u015bwi\u0119towania tych wa\u017cnych dla ka\u017cdego Polaka dni.<\/em><\/strong><\/p>\n<p><strong><em>\u00a0 \u00a0 \u00a0 \u00a0 \u00a0 Z pozdrowieniami,<\/em><\/strong><\/p>\n<p><strong><em>\u00a0 \u00a0 \u00a0 \u00a0 \u00a0 \u00a0 \u00a0 \u00a0Wasz W\u00f3jt<\/em><\/strong><\/p>\n<p><strong><em>\u00a0 \u00a0 \u00a0 \u00a0 \u00a0 \u00a0 \u00a0 \u00a0Waldemar Cyran<\/em><\/strong><\/p>\n<p><a href=\"http:\/\/info.sadowne.pl\/wp-content\/uploads\/2020\/04\/2020.04.30.6.jpg\"><img loading=\"lazy\" decoding=\"async\" class=\"aligncenter size-full wp-image-23384\" src=\"http:\/\/info.sadowne.pl\/wp-content\/uploads\/2020\/04\/2020.04.30.6.jpg\" alt=\"\" width=\"611\" height=\"50\" srcset=\"https:\/\/info.sadowne.pl\/wp-content\/uploads\/2020\/04\/2020.04.30.6.jpg 611w, https:\/\/info.sadowne.pl\/wp-content\/uploads\/2020\/04\/2020.04.30.6-300x25.jpg 300w\" sizes=\"auto, (max-width: 611px) 100vw, 611px\" \/><\/a><\/p>\n","protected":false},"excerpt":{"rendered":"<p>Drodzy Mieszka\u0144cy, Druhny i Druhowie OSP, wszyscy przebywaj\u0105cy na terenie Gminy Sadowne!<\/p>\n","protected":false},"author":1,"featured_media":0,"comment_status":"closed","ping_status":"closed","sticky":false,"template":"","format":"standard","meta":{"footnotes":""},"categories":[5,41],"tags":[3363,1033,614],"class_list":["post-23381","post","type-post","status-publish","format-standard","hentry","category-newsy","category-wiesci-gminne","tag-list-wojta-gminy-sadowne-do-mieszkancow","tag-waldemar-cyran","tag-wojt-gminy-sadowne"],"views":4343,"_links":{"self":[{"href":"https:\/\/info.sadowne.pl\/index.php?rest_route=\/wp\/v2\/posts\/23381","targetHints":{"allow":["GET"]}}],"collection":[{"href":"https:\/\/info.sadowne.pl\/index.php?rest_route=\/wp\/v2\/posts"}],"about":[{"href":"https:\/\/info.sadowne.pl\/index.php?rest_route=\/wp\/v2\/types\/post"}],"author":[{"embeddable":true,"href":"https:\/\/info.sadowne.pl\/index.php?rest_route=\/wp\/v2\/users\/1"}],"replies":[{"embeddable":true,"href":"https:\/\/info.sadowne.pl\/index.php?rest_route=%2Fwp%2Fv2%2Fcomments&post=23381"}],"version-history":[{"count":1,"href":"https:\/\/info.sadowne.pl\/index.php?rest_route=\/wp\/v2\/posts\/23381\/revisions"}],"predecessor-version":[{"id":23385,"href":"https:\/\/info.sadowne.pl\/index.php?rest_route=\/wp\/v2\/posts\/23381\/revisions\/23385"}],"wp:attachment":[{"href":"https:\/\/info.sadowne.pl\/index.php?rest_route=%2Fwp%2Fv2%2Fmedia&parent=23381"}],"wp:term":[{"taxonomy":"category","embeddable":true,"href":"https:\/\/info.sadowne.pl\/index.php?rest_route=%2Fwp%2Fv2%2Fcategories&post=23381"},{"taxonomy":"post_tag","embeddable":true,"href":"https:\/\/info.sadowne.pl\/index.php?rest_route=%2Fwp%2Fv2%2Ftags&post=23381"}],"curies":[{"name":"wp","href":"https:\/\/api.w.org\/{rel}","templated":true}]}}