{"id":23406,"date":"2020-05-08T14:28:13","date_gmt":"2020-05-08T12:28:13","guid":{"rendered":"http:\/\/info.sadowne.pl\/?p=23406"},"modified":"2020-05-08T14:28:13","modified_gmt":"2020-05-08T12:28:13","slug":"wicherek-nam-szybko-nie-powieje-a-szkoda","status":"publish","type":"post","link":"https:\/\/info.sadowne.pl\/?p=23406","title":{"rendered":"\u201eWicherek\u201d nam szybko nie powieje\u2026. a szkoda"},"content":{"rendered":"<p><strong><a href=\"http:\/\/info.sadowne.pl\/wp-content\/uploads\/2013\/01\/wichersadowne.jpg\"><img loading=\"lazy\" decoding=\"async\" class=\"alignleft size-full wp-image-839\" src=\"http:\/\/info.sadowne.pl\/wp-content\/uploads\/2013\/01\/wichersadowne.jpg\" alt=\"\" width=\"150\" height=\"150\" \/><\/a>W\u0142a\u015bnie zapad\u0142a decyzja Prezes\u00f3w wojew\u00f3dzkich zwi\u0105zk\u00f3w pi\u0142ki no\u017cnej o zako\u0144czeniu rozgrywek IV ligi i ni\u017cszych klas rozgrywkowych w sezonie 2019\/2020.<\/strong><!--more--><\/p>\n<p>Zatwierdzenie jej przez Zarz\u0105dy wojew\u00f3dzkie zdaje si\u0119 by\u0107 w obecnej sytuacji tylko formalno\u015bci\u0105. Oznacza ona, \u017ce nie b\u0119dzie rundy wiosennej w siedleckiej klasie A. Nowe, wi\u0119ksze trybunki na naszym stadionie troch\u0119 jeszcze poczekaj\u0105.<\/p>\n<p>Kibicom \u201eWichra\u201d Sadowne przypominamy wi\u0119c tabel\u0119 rozgrywek:<\/p>\n<p><a href=\"http:\/\/info.sadowne.pl\/wp-content\/uploads\/2020\/05\/2020.05.08.5.jpg\"><img loading=\"lazy\" decoding=\"async\" class=\"aligncenter size-full wp-image-23407\" src=\"http:\/\/info.sadowne.pl\/wp-content\/uploads\/2020\/05\/2020.05.08.5.jpg\" alt=\"\" width=\"605\" height=\"272\" srcset=\"https:\/\/info.sadowne.pl\/wp-content\/uploads\/2020\/05\/2020.05.08.5.jpg 605w, https:\/\/info.sadowne.pl\/wp-content\/uploads\/2020\/05\/2020.05.08.5-300x135.jpg 300w\" sizes=\"auto, (max-width: 605px) 100vw, 605px\" \/><\/a><\/p>\n<p>\/90.minut.pl\/<\/p>\n<p>Pi\u0142karzom LKS Ostr\u00f3wek gratulujemy awansu do okr\u0119g\u00f3wki. Nam zabrak\u0142o zaledwie 2-3 punkt\u00f3w.<\/p>\n<p>Teraz pozostaje trzyma\u0107 kciuki za kolejny sezon i na bie\u017c\u0105co kibicowa\u0107 \u201eSoko\u0142owi\u201d Ostr\u00f3da, kt\u00f3ry z Adasiem Doboszem w sk\u0142adzie nied\u0142ugo zacznie walk\u0119 o awans do II ligi.<\/p>\n<p><strong>Tekst:<\/strong> RW<\/p>\n","protected":false},"excerpt":{"rendered":"<p>W\u0142a\u015bnie zapad\u0142a decyzja Prezes\u00f3w wojew\u00f3dzkich zwi\u0105zk\u00f3w pi\u0142ki no\u017cnej o zako\u0144czeniu rozgrywek IV ligi i ni\u017cszych klas rozgrywkowych w sezonie 2019\/2020.<\/p>\n","protected":false},"author":1,"featured_media":0,"comment_status":"closed","ping_status":"closed","sticky":false,"template":"","format":"standard","meta":{"footnotes":""},"categories":[5,2136,7],"tags":[1161,2876],"class_list":["post-23406","post","type-post","status-publish","format-standard","hentry","category-newsy","category-pilka-nozna","category-sport","tag-klub-sportowy-wicher-sadowne","tag-rozgrywki-a-klasy-ozpn-siedlce"],"views":2492,"_links":{"self":[{"href":"https:\/\/info.sadowne.pl\/index.php?rest_route=\/wp\/v2\/posts\/23406","targetHints":{"allow":["GET"]}}],"collection":[{"href":"https:\/\/info.sadowne.pl\/index.php?rest_route=\/wp\/v2\/posts"}],"about":[{"href":"https:\/\/info.sadowne.pl\/index.php?rest_route=\/wp\/v2\/types\/post"}],"author":[{"embeddable":true,"href":"https:\/\/info.sadowne.pl\/index.php?rest_route=\/wp\/v2\/users\/1"}],"replies":[{"embeddable":true,"href":"https:\/\/info.sadowne.pl\/index.php?rest_route=%2Fwp%2Fv2%2Fcomments&post=23406"}],"version-history":[{"count":1,"href":"https:\/\/info.sadowne.pl\/index.php?rest_route=\/wp\/v2\/posts\/23406\/revisions"}],"predecessor-version":[{"id":23408,"href":"https:\/\/info.sadowne.pl\/index.php?rest_route=\/wp\/v2\/posts\/23406\/revisions\/23408"}],"wp:attachment":[{"href":"https:\/\/info.sadowne.pl\/index.php?rest_route=%2Fwp%2Fv2%2Fmedia&parent=23406"}],"wp:term":[{"taxonomy":"category","embeddable":true,"href":"https:\/\/info.sadowne.pl\/index.php?rest_route=%2Fwp%2Fv2%2Fcategories&post=23406"},{"taxonomy":"post_tag","embeddable":true,"href":"https:\/\/info.sadowne.pl\/index.php?rest_route=%2Fwp%2Fv2%2Ftags&post=23406"}],"curies":[{"name":"wp","href":"https:\/\/api.w.org\/{rel}","templated":true}]}}