{"id":23415,"date":"2020-05-10T15:41:55","date_gmt":"2020-05-10T13:41:55","guid":{"rendered":"http:\/\/info.sadowne.pl\/?p=23415"},"modified":"2020-05-10T16:14:46","modified_gmt":"2020-05-10T14:14:46","slug":"przyroda-uchylila-maseczki","status":"publish","type":"post","link":"https:\/\/info.sadowne.pl\/?p=23415","title":{"rendered":"Przyroda uchyli\u0142a maseczki\u2026"},"content":{"rendered":"<p><strong><a href=\"http:\/\/info.sadowne.pl\/wp-content\/uploads\/2020\/05\/2020.05.10.1.jpg\" target=\"_blank\" rel=\"noopener noreferrer\"><img loading=\"lazy\" decoding=\"async\" class=\"alignleft wp-image-23416 size-thumbnail\" src=\"http:\/\/info.sadowne.pl\/wp-content\/uploads\/2020\/05\/2020.05.10.1-180x130.jpg\" alt=\"\" width=\"180\" height=\"130\" \/><\/a>\u015awietna pogoda, ciep\u0142o\u2026 \u017cal siedzie\u0107 w domu. Podczas spaceru mo\u017cna uchyli\u0107 maseczki. Ograniczenia zwi\u0105zane z epidemi\u0105 jednak nie zawsze na to pozwalaj\u0105, ale nie dotyczy to przyrody.<\/strong><!--more--><\/p>\n<p>Dobrze jest w niedzielne przedpo\u0142udnie czy po g\u0142\u00f3wnym posi\u0142ku zaczerpn\u0105\u0107 \u015bwie\u017cego powietrza i troszk\u0119 pospacerowa\u0107, najlepiej bocznymi uliczkami Sadownego. Jednocze\u015bnie sprawdzimy post\u0119puj\u0105ce zmiany na drogach, kt\u00f3re serwuje nam Gmina.<\/p>\n<p>Z kolejnym krokiem widzimy te\u017c jak przyroda \u201euchyla maseczki\u201d i ukazuje si\u0119 nam w pe\u0142nych barwach. Na uboczu mo\u017cemy te\u017c pokusi\u0107 si\u0119 o orze\u017awiaj\u0105ce, ale nieznaczne zsuni\u0119cie z nosa i ust nakazanego zabezpieczenia \u2013 przyrodzie to nie zaszkodzi, a dla nas\u2026 wr\u0119cz wskazane. Polecam!<\/p>\n<p><strong><a href=\"https:\/\/photos.app.goo.gl\/fkE8ntAuLF5uHcTJ6\" target=\"_blank\" rel=\"noopener noreferrer\">Zdj\u0119cia w galerii Google&gt;&gt;&gt;\u00a0\u00a0\u00a0\u00a0<\/a>\u00a0\u00a0\u00a0\u00a0\u00a0\u00a0\u00a0\u00a0\u00a0\u00a0\u00a0\u00a0\u00a0\u00a0\u00a0\u00a0\u00a0\u00a0\u00a0\u00a0\u00a0\u00a0\u00a0 <\/strong><\/p>\n<p><strong>Tekst\/foto:<\/strong> S\u0142awek Chyli\u0144ski<\/p>\n","protected":false},"excerpt":{"rendered":"<p>\u015awietna pogoda, ciep\u0142o\u2026 \u017cal siedzie\u0107 w domu. Podczas spaceru mo\u017cna uchyli\u0107 maseczki. Ograniczenia zwi\u0105zane z epidemi\u0105 jednak nie zawsze na to pozwalaj\u0105, ale nie dotyczy to przyrody.<\/p>\n","protected":false},"author":1,"featured_media":0,"comment_status":"closed","ping_status":"closed","sticky":false,"template":"","format":"standard","meta":{"footnotes":""},"categories":[5,1],"tags":[25,3369,3368],"class_list":["post-23415","post","type-post","status-publish","format-standard","hentry","category-newsy","category-inne","tag-sadowne","tag-spacer-po-sadownem","tag-wiosna"],"views":2303,"_links":{"self":[{"href":"https:\/\/info.sadowne.pl\/index.php?rest_route=\/wp\/v2\/posts\/23415","targetHints":{"allow":["GET"]}}],"collection":[{"href":"https:\/\/info.sadowne.pl\/index.php?rest_route=\/wp\/v2\/posts"}],"about":[{"href":"https:\/\/info.sadowne.pl\/index.php?rest_route=\/wp\/v2\/types\/post"}],"author":[{"embeddable":true,"href":"https:\/\/info.sadowne.pl\/index.php?rest_route=\/wp\/v2\/users\/1"}],"replies":[{"embeddable":true,"href":"https:\/\/info.sadowne.pl\/index.php?rest_route=%2Fwp%2Fv2%2Fcomments&post=23415"}],"version-history":[{"count":4,"href":"https:\/\/info.sadowne.pl\/index.php?rest_route=\/wp\/v2\/posts\/23415\/revisions"}],"predecessor-version":[{"id":23420,"href":"https:\/\/info.sadowne.pl\/index.php?rest_route=\/wp\/v2\/posts\/23415\/revisions\/23420"}],"wp:attachment":[{"href":"https:\/\/info.sadowne.pl\/index.php?rest_route=%2Fwp%2Fv2%2Fmedia&parent=23415"}],"wp:term":[{"taxonomy":"category","embeddable":true,"href":"https:\/\/info.sadowne.pl\/index.php?rest_route=%2Fwp%2Fv2%2Fcategories&post=23415"},{"taxonomy":"post_tag","embeddable":true,"href":"https:\/\/info.sadowne.pl\/index.php?rest_route=%2Fwp%2Fv2%2Ftags&post=23415"}],"curies":[{"name":"wp","href":"https:\/\/api.w.org\/{rel}","templated":true}]}}