{"id":23426,"date":"2020-05-13T15:48:46","date_gmt":"2020-05-13T13:48:46","guid":{"rendered":"http:\/\/info.sadowne.pl\/?p=23426"},"modified":"2020-05-13T15:54:12","modified_gmt":"2020-05-13T13:54:12","slug":"15-maj-dzien-niezapominajki","status":"publish","type":"post","link":"https:\/\/info.sadowne.pl\/?p=23426","title":{"rendered":"15 Maja &#8211; Dzie\u0144 Niezapominajki"},"content":{"rendered":"<p><strong><a href=\"http:\/\/info.sadowne.pl\/wp-content\/uploads\/2020\/05\/2020.05.13.1.jpg\" target=\"_blank\" rel=\"noopener noreferrer\"><img loading=\"lazy\" decoding=\"async\" class=\"alignleft wp-image-23428 size-thumbnail\" src=\"http:\/\/info.sadowne.pl\/wp-content\/uploads\/2020\/05\/2020.05.13.1-180x130.jpg\" alt=\"\" width=\"180\" height=\"130\" \/><\/a>Maj to miesi\u0105c bz\u00f3w i konwalii, miesi\u0105c zakochanych i pierwszego powiewu \u2026lata. Ju\u017c wyczuwamy, a w\u0142a\u015bciwie wiemy, \u017ce przed nami naprawd\u0119 ciep\u0142e, cudowne letnie dni. \u017be ju\u017c nied\u0142ugo wybierzemy si\u0119 cho\u0107by na kr\u00f3tki wypad za miasto na pi\u0119knie ukwiecone \u0142\u0105ki. <\/strong><!--more--><\/p>\n<p>Maj jest r\u00f3wnie\u017c miesi\u0105cem <strong>niezapominajek.<\/strong> B\u0142\u0119kitne jak niebo w pogodny dzie\u0144, delikatne, malutkie, ma\u0142o widowiskowe w por\u00f3wnaniu z innymi kwiatami, maj\u0105 w sobie jednak wiele uroku. My\u015bl\u0119 nawet, \u017ce to w\u0142a\u015bnie te male\u0144kie kwiatki podarowane komu\u015b, kogo lubimy, kochamy bardziej zapadn\u0105 w pami\u0119\u0107 ni\u017c nawet dostojna r\u00f3\u017ca.<\/p>\n<p>Dzisiaj, w <strong>Dniu Niezapominajki<\/strong> chc\u0119 wszystkich poprosi\u0107 o NIEZAPOMINANIE \u2013 pami\u0119tajcie o sobie nawzajem i o swoich bliskich, o rodzinie bli\u017cszej i dalszej, a tak\u017ce\u00a0 o przyjacio\u0142ach, kolegach i znajomych, kt\u00f3rych \u2013 nawet po miesi\u0105cach czy latach \u2013 warto wspomnie\u0107, przypomnie\u0107 ich sobie i im o sobie, mo\u017ce warto do nich napisa\u0107 maila albo sms-a (ale b\u0119dzie niespodzianka i jakie zdziwienie), mo\u017ce do nich zatelefonowa\u0107, pogada\u0107 chwil\u0119, a mo\u017ce nawet um\u00f3wi\u0107 si\u0119 na spacer i razem poszuka\u0107 na \u0142\u0105ce czy le\u015bnej polanie Niezapominajek.<\/p>\n<p>Bior\u0105c pod uwag\u0119, \u017ce 15 Maja wypada w tym roku w pi\u0105tek i jest pocz\u0105tkiem weekendu, zach\u0119cam wszystkich mi\u0142o\u015bnik\u00f3w przyrody i nie tylko, aby wybrali si\u0119 \u015bcie\u017ckami Nadbu\u017ca\u0144skiego Parku Krajobrazowego <strong><a href=\"http:\/\/parkiotwock.pl\/sciezki-dydaktyczne-npk?start=4\" target=\"_blank\" rel=\"noopener noreferrer\">http:\/\/parkiotwock.pl\/sciezki-dydaktyczne-npk?start=4<\/a><\/strong> na poszukiwanie niezapominajek, a wieczorem przed snem przeczytajcie dzieciom proponowane opowiadania i wierszyki o niezapominajce.<\/p>\n<p style=\"text-align: center;\"><strong><em>LIST\u00a0NIEZAPOMINAJKI <\/em><\/strong>\u00a0&#8211; <strong>Konstancja Rostworowska Morawska<\/strong><\/p>\n<p style=\"text-align: center;\">Moje mi\u0142e, dobre dzieci,<br \/>\nja nie tylko \u017cyj\u0119 w bajkach,<br \/>\nlecz jak wy, tu na tym \u015bwiecie,<br \/>\nz wami chc\u0119 si\u0119 cieszy\u0107, p\u0142aka\u0107\u2026<\/p>\n<p style=\"text-align: center;\">O rado\u015bciach, o k\u0142opotach,<br \/>\no prze\u017cyciach waszych wielkich,<br \/>\npsotach, figlach, z\u0142ych humorach,<br \/>\ngdy wam dw\u00f3jka w zeszyt wleci,<br \/>\nm\u00f3wcie ze mn\u0105 szczerze, \u015bmiele,<br \/>\nwaszych wzrusze\u0144 los podziel\u0119.<\/p>\n<p style=\"text-align: center;\">Przyjd\u017acie do mnie nad staw wiosn\u0105 \u2013<br \/>\nto opowiem wam ba\u015b\u0144 now\u0105,<br \/>\nbardzo lubi\u0119 zmy\u015bla\u0107 ba\u015bnie.<br \/>\nO mnie \u2013 nie zapominajcie.<\/p>\n<p style=\"text-align: center;\"><strong><em>Niezapominajki &#8211;<\/em><\/strong> <strong>Maria Konopnicka<\/strong><\/p>\n<p style=\"text-align: center;\">Niezapominajki<br \/>\nto s\u0105 kwiatki z bajki!<br \/>\nRosn\u0105 nad potoczkiem,<br \/>\npatrz\u0105 rybim oczkiem.<\/p>\n<p style=\"text-align: center;\">Gdy si\u0119 p\u0142ynie \u0142\u00f3dk\u0105,<br \/>\n\u015bmiej\u0105 si\u0119 cichutko<br \/>\ni szepc\u0105 mi skromnie:<br \/>\n\u201eNie zapomnij o mnie\u201d.<\/p>\n<p>Opowiadanie \u2013 <em>Niezapominajki<\/em> &#8211; <strong><a href=\"http:\/\/bajecznestrony.blogspot.com\/2012\/03\/opowiadanie-niezapominajki.html\" target=\"_blank\" rel=\"noopener noreferrer\">http:\/\/bajecznestrony.blogspot.com\/2012\/03\/opowiadanie-niezapominajki.html<\/a><\/strong><\/p>\n<p>Zach\u0119cam r\u00f3wnie\u017c do odwiedzenia strony po\u015bwi\u0119conej wydarzeniom przyrodniczym, na kt\u00f3rej opr\u00f3cz ciekawych informacji jest do pobrania pakiet edukacyjny &#8211; \u00a0\u00a0<strong><a href=\"https:\/\/www.ekokalendarz.pl\/kategoria\/swieta\/dzien-niezapominajki\/\" target=\"_blank\" rel=\"noopener noreferrer\">https:\/\/www.ekokalendarz.pl\/kategoria\/swieta\/dzien-niezapominajki\/<\/a><\/strong><\/p>\n<p><strong>Dorota Wojtaszak<br \/>\nMazowiecki Zesp\u00f3\u0142 Park\u00f3w Krajobrazowych<br \/>\nZesp\u00f3\u0142 ds. Nadbu\u017ca\u0144skiego Parku Krajobrazowego\u00a0<\/strong><\/p>\n","protected":false},"excerpt":{"rendered":"<p>Maj to miesi\u0105c bz\u00f3w i konwalii, miesi\u0105c zakochanych i pierwszego powiewu \u2026lata. Ju\u017c wyczuwamy, a w\u0142a\u015bciwie wiemy, \u017ce przed nami naprawd\u0119 ciep\u0142e, cudowne letnie dni. \u017be ju\u017c nied\u0142ugo wybierzemy si\u0119 cho\u0107by na kr\u00f3tki wypad za miasto na pi\u0119knie ukwiecone \u0142\u0105ki.<\/p>\n","protected":false},"author":1,"featured_media":0,"comment_status":"closed","ping_status":"closed","sticky":false,"template":"","format":"standard","meta":{"footnotes":""},"categories":[5,1,3370],"tags":[3371,3169],"class_list":["post-23426","post","type-post","status-publish","format-standard","hentry","category-newsy","category-inne","category-nadbuzanski-park-krajobrazowy","tag-dzien-niezapominajki","tag-nadbuzanski-park-krajobrazowy"],"views":2669,"_links":{"self":[{"href":"https:\/\/info.sadowne.pl\/index.php?rest_route=\/wp\/v2\/posts\/23426","targetHints":{"allow":["GET"]}}],"collection":[{"href":"https:\/\/info.sadowne.pl\/index.php?rest_route=\/wp\/v2\/posts"}],"about":[{"href":"https:\/\/info.sadowne.pl\/index.php?rest_route=\/wp\/v2\/types\/post"}],"author":[{"embeddable":true,"href":"https:\/\/info.sadowne.pl\/index.php?rest_route=\/wp\/v2\/users\/1"}],"replies":[{"embeddable":true,"href":"https:\/\/info.sadowne.pl\/index.php?rest_route=%2Fwp%2Fv2%2Fcomments&post=23426"}],"version-history":[{"count":3,"href":"https:\/\/info.sadowne.pl\/index.php?rest_route=\/wp\/v2\/posts\/23426\/revisions"}],"predecessor-version":[{"id":23430,"href":"https:\/\/info.sadowne.pl\/index.php?rest_route=\/wp\/v2\/posts\/23426\/revisions\/23430"}],"wp:attachment":[{"href":"https:\/\/info.sadowne.pl\/index.php?rest_route=%2Fwp%2Fv2%2Fmedia&parent=23426"}],"wp:term":[{"taxonomy":"category","embeddable":true,"href":"https:\/\/info.sadowne.pl\/index.php?rest_route=%2Fwp%2Fv2%2Fcategories&post=23426"},{"taxonomy":"post_tag","embeddable":true,"href":"https:\/\/info.sadowne.pl\/index.php?rest_route=%2Fwp%2Fv2%2Ftags&post=23426"}],"curies":[{"name":"wp","href":"https:\/\/api.w.org\/{rel}","templated":true}]}}