{"id":23455,"date":"2020-05-27T17:27:11","date_gmt":"2020-05-27T15:27:11","guid":{"rendered":"http:\/\/info.sadowne.pl\/?p=23455"},"modified":"2020-05-27T17:27:11","modified_gmt":"2020-05-27T15:27:11","slug":"swieta-swieta-swieta","status":"publish","type":"post","link":"https:\/\/info.sadowne.pl\/?p=23455","title":{"rendered":"\u015awi\u0119ta, \u015bwi\u0119ta, \u015bwi\u0119ta\u2026"},"content":{"rendered":"<p><strong><a href=\"http:\/\/info.sadowne.pl\/wp-content\/uploads\/2020\/05\/2020.05.27-\u015bwi\u0119ta.jpg\" target=\"_blank\" rel=\"noopener noreferrer\"><img loading=\"lazy\" decoding=\"async\" class=\"alignleft wp-image-23456 size-thumbnail\" src=\"http:\/\/info.sadowne.pl\/wp-content\/uploads\/2020\/05\/2020.05.27-\u015bwi\u0119ta-180x130.jpg\" alt=\"\" width=\"180\" height=\"130\" \/><\/a>Nie jest nam dane wsp\u00f3lnie \u015bwi\u0119towa\u0107 z okazji Dnia Matki, Rodziny czy Dnia Dziecka, ale mo\u017cemy powspomina\u0107 imprezy plenerowe organizowane w poprzednich latach!<\/strong><!--more--><\/p>\n<p>Kilka z nich utrwalili\u015bmy dla Pa\u0144stwa na Portalu INFO Sadowne. Zapraszamy do ogl\u0105dania i\u2026 na chwilk\u0119 wspomnie\u0144:<\/p>\n<p><strong>Gminny Dzie\u0144 Dziecka \u2013 2013 &#8211; <a href=\"http:\/\/info.sadowne.pl\/?p=2171\" target=\"_blank\" rel=\"noopener noreferrer\">http:\/\/info.sadowne.pl\/?p=2171<\/a><\/strong><\/p>\n<p><strong>Piknik Rodzinny w Sadownem \u2013 2014 &#8211; <a href=\"http:\/\/info.sadowne.pl\/?p=5170\" target=\"_blank\" rel=\"noopener noreferrer\">http:\/\/info.sadowne.pl\/?p=5170<\/a><\/strong><\/p>\n<p><strong>Gminny Dzie\u0144 Dziecka \u2013 2014 &#8211; <a href=\"http:\/\/info.sadowne.pl\/?p=5341\" target=\"_blank\" rel=\"noopener noreferrer\">http:\/\/info.sadowne.pl\/?p=5341<\/a><\/strong><\/p>\n<p><strong>Gminny Dzie\u0144 Dziecka \u2013 2015 &#8211; <a href=\"http:\/\/info.sadowne.pl\/?p=8853\" target=\"_blank\" rel=\"noopener noreferrer\">http:\/\/info.sadowne.pl\/?p=8853<\/a><\/strong><\/p>\n<p><strong>Dzie\u0144 dziecka z w\u0119dk\u0105 \u2013 2016 &#8211; <a href=\"http:\/\/info.sadowne.pl\/?p=12586\" target=\"_blank\" rel=\"noopener noreferrer\">http:\/\/info.sadowne.pl\/?p=12586<\/a><\/strong><\/p>\n<p><strong>Piknik Rodzinny w Ziele\u0144cu \u2013 2016 &#8211; <a href=\"http:\/\/info.sadowne.pl\/?p=12589\" target=\"_blank\" rel=\"noopener noreferrer\">http:\/\/info.sadowne.pl\/?p=12589<\/a><\/strong><\/p>\n<p><strong>Piknik Rodzinny w Sadownem \u2013 2016 &#8211; <a href=\"http:\/\/info.sadowne.pl\/?p=12676\">http:\/\/info.sadowne.pl\/?p=12676<\/a><\/strong><\/p>\n<p><strong>Festyn Rodzinny w Sadownem \u2013 2017 &#8211; <a href=\"http:\/\/info.sadowne.pl\/?p=16032\" target=\"_blank\" rel=\"noopener noreferrer\">http:\/\/info.sadowne.pl\/?p=16032<\/a><\/strong><\/p>\n<p><strong>Piknik Rodzinny w Ziele\u0144cu \u2013 2017 &#8211; <a href=\"http:\/\/info.sadowne.pl\/?p=16063\" target=\"_blank\" rel=\"noopener noreferrer\">http:\/\/info.sadowne.pl\/?p=16063<\/a><\/strong><\/p>\n<p><strong>Piknik Rodzinny w Sadownem \u2013 2018 &#8211; <a href=\"http:\/\/info.sadowne.pl\/?p=18605\" target=\"_blank\" rel=\"noopener noreferrer\">http:\/\/info.sadowne.pl\/?p=18605<\/a><\/strong><\/p>\n<p><strong>Dzie\u0144 Dziecka w OSP w Wilczog\u0119bach \u2013 2019 &#8211; <a href=\"http:\/\/info.sadowne.pl\/?p=20498\" target=\"_blank\" rel=\"noopener noreferrer\">http:\/\/info.sadowne.pl\/?p=20498<\/a><\/strong><\/p>\n<p><strong>Potr\u00f3jne \u015bwi\u0119to w Przedszkolu \u2013 2019 &#8211; <a href=\"http:\/\/info.sadowne.pl\/?p=20510\" target=\"_blank\" rel=\"noopener noreferrer\">http:\/\/info.sadowne.pl\/?p=20510<\/a><\/strong><\/p>\n<p><strong>Piknik Rodzinny w Sadownem \u2013 2019 &#8211; <a href=\"http:\/\/info.sadowne.pl\/?p=20537\" target=\"_blank\" rel=\"noopener noreferrer\">http:\/\/info.sadowne.pl\/?p=20537<\/a><\/strong><\/p>\n<p><strong>\u015awi\u0119to Rodziny w Grabinach \u2013 2019 &#8211; <a href=\"http:\/\/info.sadowne.pl\/?p=20583\" target=\"_blank\" rel=\"noopener noreferrer\">http:\/\/info.sadowne.pl\/?p=20583<\/a><\/strong><\/p>\n<p><strong>A przy okazji\u2026 wszystkiego najlepszego \u017cyczymy Samorz\u0105dowcom, kt\u00f3rzy 27 maja obchodz\u0105 swoje \u015awi\u0119to. \u017byczymy wspania\u0142ej zabawy!<\/strong><\/p>\n<p><strong>Tekst\/foto: <\/strong>S\u0142awek Chyli\u0144ski<\/p>\n","protected":false},"excerpt":{"rendered":"<p>Nie jest nam dane wsp\u00f3lnie \u015bwi\u0119towa\u0107 z okazji Dnia Matki, Rodziny czy Dnia Dziecka, ale mo\u017cemy powspomina\u0107 imprezy plenerowe organizowane w poprzednich latach!<\/p>\n","protected":false},"author":1,"featured_media":0,"comment_status":"closed","ping_status":"closed","sticky":false,"template":"","format":"standard","meta":{"footnotes":""},"categories":[5,91,6],"tags":[2438,230,169],"class_list":["post-23455","post","type-post","status-publish","format-standard","hentry","category-newsy","category-gminny-osrodek-kultury","category-kultura-rozrywka-edukacja","tag-festyn-rodzinny-w-sadownem","tag-gminny-dzien-dziecka-w-sadownem","tag-gminny-osrodek-kultury-w-sadownem"],"views":2571,"_links":{"self":[{"href":"https:\/\/info.sadowne.pl\/index.php?rest_route=\/wp\/v2\/posts\/23455","targetHints":{"allow":["GET"]}}],"collection":[{"href":"https:\/\/info.sadowne.pl\/index.php?rest_route=\/wp\/v2\/posts"}],"about":[{"href":"https:\/\/info.sadowne.pl\/index.php?rest_route=\/wp\/v2\/types\/post"}],"author":[{"embeddable":true,"href":"https:\/\/info.sadowne.pl\/index.php?rest_route=\/wp\/v2\/users\/1"}],"replies":[{"embeddable":true,"href":"https:\/\/info.sadowne.pl\/index.php?rest_route=%2Fwp%2Fv2%2Fcomments&post=23455"}],"version-history":[{"count":1,"href":"https:\/\/info.sadowne.pl\/index.php?rest_route=\/wp\/v2\/posts\/23455\/revisions"}],"predecessor-version":[{"id":23457,"href":"https:\/\/info.sadowne.pl\/index.php?rest_route=\/wp\/v2\/posts\/23455\/revisions\/23457"}],"wp:attachment":[{"href":"https:\/\/info.sadowne.pl\/index.php?rest_route=%2Fwp%2Fv2%2Fmedia&parent=23455"}],"wp:term":[{"taxonomy":"category","embeddable":true,"href":"https:\/\/info.sadowne.pl\/index.php?rest_route=%2Fwp%2Fv2%2Fcategories&post=23455"},{"taxonomy":"post_tag","embeddable":true,"href":"https:\/\/info.sadowne.pl\/index.php?rest_route=%2Fwp%2Fv2%2Ftags&post=23455"}],"curies":[{"name":"wp","href":"https:\/\/api.w.org\/{rel}","templated":true}]}}