{"id":23475,"date":"2020-06-01T09:25:03","date_gmt":"2020-06-01T07:25:03","guid":{"rendered":"http:\/\/info.sadowne.pl\/?p=23475"},"modified":"2020-06-01T09:25:03","modified_gmt":"2020-06-01T07:25:03","slug":"kronika-strazacka-25-31-maja-2020","status":"publish","type":"post","link":"https:\/\/info.sadowne.pl\/?p=23475","title":{"rendered":"Kronika stra\u017cacka 25-31 maja 2020"},"content":{"rendered":"<p><strong><a href=\"http:\/\/info.sadowne.pl\/wp-content\/uploads\/2013\/07\/straz3.jpg\"><img loading=\"lazy\" decoding=\"async\" class=\"alignleft size-thumbnail wp-image-2625\" src=\"http:\/\/info.sadowne.pl\/wp-content\/uploads\/2013\/07\/straz3-180x130.jpg\" alt=\"\" width=\"180\" height=\"130\" \/><\/a>W<\/strong><strong> okresie<\/strong><strong> 25-31 maja 2020 na<\/strong><strong> terenie<\/strong><strong> powiatu<\/strong><strong> w\u0119growskiego<\/strong><strong> zanotowano: <\/strong><strong>7 zdarze\u0144,<\/strong><strong> przy<\/strong><strong> kt\u00f3rych<\/strong><strong> interweniowa\u0142y<\/strong><strong> jednostki<\/strong><strong> ochrony<\/strong><strong> przeciwpo\u017carowej, w tym:<\/strong><strong> 3 po\u017cary, 3 miejscowe zagro\u017cenia, 1 alarm fa\u0142szywy.<\/strong><!--more--><\/p>\n<p><strong>25.05.2020 &#8211; W\u0119gr\u00f3w \u2013 po\u017car instalacji elektrycznej w budynku wielorodzinnym.<\/strong><\/p>\n<p>W murowanym, 3-pi\u0119trowym budynku wielorodzinnym, w jednym z lokali mieszkalnych dosz\u0142o do zapalenia si\u0119 bezpiecznika pr\u0105dowego oraz cz\u0119\u015bciowo izolacji przewod\u00f3w elektrycznych. Po\u017car zosta\u0142 ju\u017c ugaszony przez domownik\u00f3w przed przyjazdem stra\u017cy po\u017carnej. Do lokalu mieszkalnego nie by\u0142a doprowadzona instalacja gazowa. Dzia\u0142ania zast\u0119p\u00f3w polega\u0142y na zabezpieczeniu miejsca zdarzenia, sprawdzeniu czy po\u017car nie rozprzestrzenia si\u0119 dalej poprzez przewody elektryczne, u\u017cyciu sprz\u0119tu pomiarowego w obiekcie (nie stwierdzono obecno\u015bci tlenku w\u0119gla i gaz\u00f3w wybuchowych w budynku) oraz przewietrzeniu mieszkania wraz z klatk\u0105 schodow\u0105. Na miejsce dotar\u0142 elektryk PGK.<\/p>\n<p><strong>28.05.2020 \u2013 Sadowne \u2013 po\u017car ga\u0142\u0119zi<\/strong><\/p>\n<p>Do SKKP w W\u0119growie wp\u0142yn\u0119\u0142o zg\u0142oszenie o pal\u0105cej si\u0119 stercie ga\u0142\u0119zi na ko\u0144cu ulicy Grzyma\u0142y. Po dotarciu na miejsce zast\u0119pu OSP Sadowne i przeprowadzeniu rozpoznania KDR stwierdzi\u0142, \u017ce pali si\u0119 sterta ga\u0142\u0119zi, potrzebne dodatkowe SIS i Policja&#8221;. Dzia\u0142ania zast\u0119p\u00f3w JOP polega\u0142y na zabezpieczeniu miejsca zdarzenia, a nast\u0119pnie podaniu dw\u00f3ch pr\u0105d\u00f3w wody w natarciu na po\u017car, co doprowadzi\u0142o do opanowania, a w konsekwencji do ugaszenia po\u017caru. Na tym dzia\u0142ania zako\u0144czono..<\/p>\n<p><strong>29.05.2020 \u2013 Podsusze, gm. Gr\u0119bk\u00f3w \u2013 l\u0105dowanie \u015bmig\u0142owca LPR<\/strong><\/p>\n<p>Do SKKP wp\u0142yn\u0119\u0142a informacja o m\u0119\u017cczy\u017anie, kt\u00f3ry spad\u0142 z dachu na budowie. \u00a0SK do zdarzenia zadysponowa\u0142o JRG i OSP Gr\u0119bk\u00f3w. Po doje\u017adzie na miejsce zast\u0119pu OSP Gr\u0119bk\u00f3w stwierdzono, \u017ce jest ju\u017c karetka ZRM. Ratownik medyczny udziela pomocy poszkodowanemu m\u0119\u017cczy\u017anie, a \u015bmig\u0142owiec LPR w\u0142a\u015bnie podchodzi do l\u0105dowania na wykoszonej \u0142\u0105ce znajduj\u0105cej si\u0119 w bezpo\u015brednim s\u0105siedztwie miejsca zdarzenia. Dzia\u0142ania zast\u0119p\u00f3w stra\u017cy po\u017carnej polega\u0142y na wyznaczeniu i zabezpieczeniu l\u0105dowiska podczas l\u0105dowania a nast\u0119pnie startu \u015bmig\u0142owca LPR.<\/p>\n<p><strong>31.05.2020 \u2013 Sok\u00f3\u0142ka, gm. Sadowne \u2013 drzewo na drodze<\/strong><\/p>\n<p>Do SKKP w W\u0119growie wp\u0142yn\u0119\u0142a informacja o le\u017c\u0105cym na drodze (za Sok\u00f3\u0142k\u0105 w stron\u0119 Ko\u0142odzi\u0105\u017ca Rybie) &#8211; drzewie. Zast\u0119p OSP zabezpieczy\u0142 miejsce zdarzenia, a nast\u0119pnie przy pomocy pi\u0142y spalinowej poci\u0119to drzewo i usuni\u0119to poza drog\u0119. Odci\u0119to r\u00f3wnie\u017c nad\u0142amany konar z s\u0105siedniego drzewa, gro\u017c\u0105cy upadkiem na drog\u0119. Na tym dzia\u0142ania zako\u0144czono.<\/p>\n<p><strong>KP PSP W\u0119gr\u00f3w<\/strong><\/p>\n","protected":false},"excerpt":{"rendered":"<p>W okresie 25-31 maja 2020 na terenie powiatu w\u0119growskiego zanotowano: 7 zdarze\u0144, przy kt\u00f3rych interweniowa\u0142y jednostki ochrony przeciwpo\u017carowej, w tym: 3 po\u017cary, 3 miejscowe zagro\u017cenia, 1 alarm fa\u0142szywy.<\/p>\n","protected":false},"author":1,"featured_media":0,"comment_status":"closed","ping_status":"closed","sticky":false,"template":"","format":"standard","meta":{"footnotes":""},"categories":[5,4,267],"tags":[491,643],"class_list":["post-23475","post","type-post","status-publish","format-standard","hentry","category-newsy","category-policja-straz-pozarna-pogotowie-ratunkowe","category-straz-pozarna-policja-straz-pozarna-pogotowie-ratunkowe","tag-komenda-powiatowa-panstwowej-strazy-pozarnej-w-wegrowie","tag-kronika-strazacka"],"views":2729,"_links":{"self":[{"href":"https:\/\/info.sadowne.pl\/index.php?rest_route=\/wp\/v2\/posts\/23475","targetHints":{"allow":["GET"]}}],"collection":[{"href":"https:\/\/info.sadowne.pl\/index.php?rest_route=\/wp\/v2\/posts"}],"about":[{"href":"https:\/\/info.sadowne.pl\/index.php?rest_route=\/wp\/v2\/types\/post"}],"author":[{"embeddable":true,"href":"https:\/\/info.sadowne.pl\/index.php?rest_route=\/wp\/v2\/users\/1"}],"replies":[{"embeddable":true,"href":"https:\/\/info.sadowne.pl\/index.php?rest_route=%2Fwp%2Fv2%2Fcomments&post=23475"}],"version-history":[{"count":1,"href":"https:\/\/info.sadowne.pl\/index.php?rest_route=\/wp\/v2\/posts\/23475\/revisions"}],"predecessor-version":[{"id":23476,"href":"https:\/\/info.sadowne.pl\/index.php?rest_route=\/wp\/v2\/posts\/23475\/revisions\/23476"}],"wp:attachment":[{"href":"https:\/\/info.sadowne.pl\/index.php?rest_route=%2Fwp%2Fv2%2Fmedia&parent=23475"}],"wp:term":[{"taxonomy":"category","embeddable":true,"href":"https:\/\/info.sadowne.pl\/index.php?rest_route=%2Fwp%2Fv2%2Fcategories&post=23475"},{"taxonomy":"post_tag","embeddable":true,"href":"https:\/\/info.sadowne.pl\/index.php?rest_route=%2Fwp%2Fv2%2Ftags&post=23475"}],"curies":[{"name":"wp","href":"https:\/\/api.w.org\/{rel}","templated":true}]}}