{"id":23480,"date":"2020-06-04T16:26:18","date_gmt":"2020-06-04T14:26:18","guid":{"rendered":"http:\/\/info.sadowne.pl\/?p=23480"},"modified":"2020-06-04T16:26:18","modified_gmt":"2020-06-04T14:26:18","slug":"moge-chce-potrafie","status":"publish","type":"post","link":"https:\/\/info.sadowne.pl\/?p=23480","title":{"rendered":"Mog\u0119, Chc\u0119, Potrafi\u0119"},"content":{"rendered":"<p><strong><a href=\"http:\/\/info.sadowne.pl\/wp-content\/uploads\/2020\/06\/2020.06.04.1.jpg\"><img loading=\"lazy\" decoding=\"async\" class=\"alignleft size-thumbnail wp-image-23481\" src=\"http:\/\/info.sadowne.pl\/wp-content\/uploads\/2020\/06\/2020.06.04.1-180x130.jpg\" alt=\"\" width=\"180\" height=\"130\" \/><\/a>Po raz czwarty Fundacja Prima Security realizuje zadanie \u201eWsparcie os\u00f3b z zaburzeniami psychicznymi i ich rodzin\u201d dofinansowane ze \u015brodk\u00f3w z bud\u017cetu wojew\u00f3dztwa mazowieckiego.<\/strong><!--more--><\/p>\n<p>Projekt nosi tytu\u0142 \u201eMog\u0119, Chc\u0119, Potrafi\u0119\u201d i jest wynikiem przemy\u015ble\u0144 i do\u015bwiadcze\u0144 z lat poprzednich, a tak\u017ce potrzeb zg\u0142aszanych przez rodzic\u00f3w i nauczycieli.<\/p>\n<p>Zadanie b\u0119dzie polega\u0142o na realizacji kompleksowego wsparcia dla os\u00f3b z zaburzeniami psychicznymi: m\u0142odzie\u017cy i doros\u0142ych oraz ich rodzin, w szczeg\u00f3lno\u015bci na rozwijaniu kompetencji spo\u0142ecznych uczestnik\u00f3w projektu.<\/p>\n<p><a href=\"http:\/\/info.sadowne.pl\/wp-content\/uploads\/2020\/06\/2020.06.04.1.jpg\" target=\"_blank\" rel=\"noopener noreferrer\"><img loading=\"lazy\" decoding=\"async\" class=\"alignright wp-image-23481 size-medium\" src=\"http:\/\/info.sadowne.pl\/wp-content\/uploads\/2020\/06\/2020.06.04.1-212x300.jpg\" alt=\"\" width=\"212\" height=\"300\" srcset=\"https:\/\/info.sadowne.pl\/wp-content\/uploads\/2020\/06\/2020.06.04.1-212x300.jpg 212w, https:\/\/info.sadowne.pl\/wp-content\/uploads\/2020\/06\/2020.06.04.1.jpg 606w\" sizes=\"auto, (max-width: 212px) 100vw, 212px\" \/><\/a>Celem zadania jest obj\u0119cie wsparciem 20 rodzin zagro\u017conych wykluczeniem spo\u0142ecznym z powodu zaburze\u0144 psychicznych u przynajmniej jednego cz\u0142onka rodziny oraz zwi\u0119kszenie \u015bwiadomo\u015bci spo\u0142ecznej w\u015br\u00f3d m\u0142odzie\u017cy ze szk\u00f3\u0142 podstawowych ( klasy VI-VIII) i lice\u00f3w z powiatu w\u0119growskiego na temat zaburze\u0144 psychicznych.<\/p>\n<p>W ramach zadania zosta\u0142y zaplanowane nast\u0119puj\u0105ce dzia\u0142ania:<\/p>\n<ol>\n<li>Promocja projektu oraz kampania edukacyjno-informacyjna<\/li>\n<li>Event integracyjny inauguruj\u0105cy projekt &#8211; B\u0119dzie to okazja do nawi\u0105zania znajomo\u015bci i wsp\u00f3lnej zabawy.<\/li>\n<li>Akademia Samodzielno\u015bci &#8211; warsztaty rozwijaj\u0105ce kompetencje emocjonalno \u2013 spo\u0142eczne oraz samodzielno\u015b\u0107 i samoobs\u0142ug\u0119 &#8211; Sensoplastyka &#8211; Trening Umiej\u0119tno\u015bci Spo\u0142ecznych &#8211; Wyj\u015bcia do kina i kawiarni &#8211; 2 wyj\u015bcia do kina i do kawiarni w trakcie trwania projektu<\/li>\n<li>Warsztaty dla rodzic\u00f3w &#8211; warsztaty podnosz\u0105ce kompetencje rodzicielskie oraz pomagaj\u0105ce radzi\u0107 sobie ze stresem<\/li>\n<li>Opieka nad dzie\u0107mi podczas warsztat\u00f3w dla rodzic\u00f3w<\/li>\n<li>Konsultacje indywidualne dla os\u00f3b z zaburzeniami psychicznymi oraz ich rodzic\u00f3w &#8211; psychologiczne &#8211; psychiatryczne &#8211; z zakresu zaburze\u0144 przetwarzania sensorycznego<\/li>\n<li>Warsztaty dla dzieci i rodzic\u00f3w &#8211; Ruch Rozwijaj\u0105cy Weroniki Sherborne &#8211; Arteterapia<\/li>\n<li>Wycieczki jednodniowe:<\/li>\n<\/ol>\n<p>&#8211; wycieczka do Muzeum Sztuki Ludowej w Zambrzy\u0144cu<\/p>\n<p>&#8211; wycieczka do Zamku w Liwie<\/p>\n<p>Mamy nadziej\u0119, \u017ce dzi\u0119ki realizacji projektu nast\u0105pi wzrost kompetencji emocjonalno &#8211; spo\u0142ecznych uczestnik\u00f3w zadania, zwi\u0119kszenie udzia\u0142u os\u00f3b zagro\u017conych marginalizacj\u0105 w \u017cyciu spo\u0142ecznym i kulturalnym, nawi\u0105zanie kontakt\u00f3w mi\u0119dzy rodzicami os\u00f3b z zaburzeniami psychicznymi, wzrost poczucia kompetencji zar\u00f3wno u os\u00f3b z zaburzeniami psychicznymi, jak i u ich rodzic\u00f3w, wzrost \u015bwiadomo\u015bci spo\u0142ecznej dotycz\u0105cej zaburze\u0144 psychicznych.<\/p>\n<p>Miejsce realizacji projektu: Fundacja Prima Security W\u0119gr\u00f3w, ul. Szamoty 42A<\/p>\n<p><strong>Tekst:<\/strong> Monika Doktorska<\/p>\n","protected":false},"excerpt":{"rendered":"<p>Po raz czwarty Fundacja Prima Security realizuje zadanie \u201eWsparcie os\u00f3b z zaburzeniami psychicznymi i ich rodzin\u201d dofinansowane ze \u015brodk\u00f3w z bud\u017cetu wojew\u00f3dztwa mazowieckiego.<\/p>\n","protected":false},"author":1,"featured_media":0,"comment_status":"closed","ping_status":"closed","sticky":false,"template":"","format":"standard","meta":{"footnotes":""},"categories":[5,1406,1408],"tags":[3378,3377,2877,3379],"class_list":["post-23480","post","type-post","status-publish","format-standard","hentry","category-newsy","category-czy-wiesz","category-zdrowie","tag-fundacja-prima-security","tag-moge-chce-potrafie","tag-monika-doktorska","tag-wsparcie-osob-z-zaburzeniami-psychicznymi-i-ich-rodzin"],"views":3217,"_links":{"self":[{"href":"https:\/\/info.sadowne.pl\/index.php?rest_route=\/wp\/v2\/posts\/23480","targetHints":{"allow":["GET"]}}],"collection":[{"href":"https:\/\/info.sadowne.pl\/index.php?rest_route=\/wp\/v2\/posts"}],"about":[{"href":"https:\/\/info.sadowne.pl\/index.php?rest_route=\/wp\/v2\/types\/post"}],"author":[{"embeddable":true,"href":"https:\/\/info.sadowne.pl\/index.php?rest_route=\/wp\/v2\/users\/1"}],"replies":[{"embeddable":true,"href":"https:\/\/info.sadowne.pl\/index.php?rest_route=%2Fwp%2Fv2%2Fcomments&post=23480"}],"version-history":[{"count":1,"href":"https:\/\/info.sadowne.pl\/index.php?rest_route=\/wp\/v2\/posts\/23480\/revisions"}],"predecessor-version":[{"id":23482,"href":"https:\/\/info.sadowne.pl\/index.php?rest_route=\/wp\/v2\/posts\/23480\/revisions\/23482"}],"wp:attachment":[{"href":"https:\/\/info.sadowne.pl\/index.php?rest_route=%2Fwp%2Fv2%2Fmedia&parent=23480"}],"wp:term":[{"taxonomy":"category","embeddable":true,"href":"https:\/\/info.sadowne.pl\/index.php?rest_route=%2Fwp%2Fv2%2Fcategories&post=23480"},{"taxonomy":"post_tag","embeddable":true,"href":"https:\/\/info.sadowne.pl\/index.php?rest_route=%2Fwp%2Fv2%2Ftags&post=23480"}],"curies":[{"name":"wp","href":"https:\/\/api.w.org\/{rel}","templated":true}]}}