{"id":23483,"date":"2020-06-04T16:28:57","date_gmt":"2020-06-04T14:28:57","guid":{"rendered":"http:\/\/info.sadowne.pl\/?p=23483"},"modified":"2020-10-04T17:06:39","modified_gmt":"2020-10-04T15:06:39","slug":"krewki-burmistrz","status":"publish","type":"post","link":"https:\/\/info.sadowne.pl\/?p=23483","title":{"rendered":"KREWKI BURMISTRZ"},"content":{"rendered":"<p><strong><a href=\"http:\/\/info.sadowne.pl\/wp-content\/uploads\/2020\/06\/Brok28.jpg\" target=\"_blank\" rel=\"noopener noreferrer\"><img loading=\"lazy\" decoding=\"async\" class=\"alignleft wp-image-23484 size-thumbnail\" src=\"http:\/\/info.sadowne.pl\/wp-content\/uploads\/2020\/06\/Brok28-180x130.jpg\" alt=\"\" width=\"180\" height=\"130\" \/><\/a>Do Urz\u0119du i Ksi\u0105g niniejszych Grodzkich Staro\u015bci\u0144skich Pu\u0142tuskich osobi\u015bcie przyszed\u0142szy s\u0142awetni Grzegorz Godlewski i Maciej \u0141uszczewski dawniejsi Radni miasta Broku,\u2026 <\/strong><!--more--><\/p>\n<p>\u2026swoim i ca\u0142ego Gminu tego\u017c miasta oraz Posp\u00f3lstwa imieniem czyni\u0105cy, broni\u0105c swob\u00f3d i wolno\u015bci mieszcza\u0144skich tak ca\u0142emu miastu swemu w powszechno\u015bci, jako te\u017c ka\u017cdemu Obywatelowi jego w szczeg\u00f3lno\u015bci s\u0142u\u017c\u0105cych, naprzeciw s\u0142awetnemu Janowi Ma\u0142ki\u0144skiemu przesz\u0142emu Radnemu, a dzisiejszemu Burmistrzowi tego\u017c miasta Broku manifestowali si\u0119 i protestowali o to, i\u017c ten\u017ce Ob\u017ca\u0142owany w czasie niedawnym b\u0119d\u0105c Radnym tylko miasta Broku, a wy\u017csz\u0105 jurysdykcj\u0119 i zwierzchno\u015b\u0107 nad Burmistrza aktualnego w tym\u017ce mie\u015bcie b\u0119d\u0105cego sobie przyw\u0142aszczaj\u0105c i uzurpuj\u0105c, r\u00f3\u017cne nakazy tak wzgl\u0119dem Rz\u0105du jako i S\u0105du z krzywd\u0105 tego\u017c Burmistrza maj\u0105tku i honoru onemu czyni\u0142, kartki i pisma do niego jakoby ze zlecenia wy\u017cszej Zwierzchno\u015bci posy\u0142a\u0142, onego naciska\u0142, r\u00f3\u017cnemi czasy ca\u0142y Urz\u0105d tego\u017c miasta Broku s\u0105downie zasiadaj\u0105cy, w obliczu zgromadzonego Posp\u00f3lstwa \u0142aja\u0142, dyfamowa\u0142 i z nim procesowa\u0107 si\u0119 odgra\u017ca\u0142\u2026<\/p>\n<p><strong>Wi\u0119cej na stronie <span style=\"color: #0000ff;\"><a style=\"color: #0000ff;\" href=\"http:\/\/madzelan.cba.pl\/krewki-burmistrz\/\" target=\"_blank\" rel=\"noopener noreferrer\">http:\/\/madzelan.cba.pl\/krewki-burmistrz\/<\/a><\/span><\/strong><\/p>\n","protected":false},"excerpt":{"rendered":"<p>Do Urz\u0119du i Ksi\u0105g niniejszych Grodzkich Staro\u015bci\u0144skich Pu\u0142tuskich osobi\u015bcie przyszed\u0142szy s\u0142awetni Grzegorz Godlewski i Maciej \u0141uszczewski dawniejsi Radni miasta Broku,\u2026<\/p>\n","protected":false},"author":1,"featured_media":0,"comment_status":"closed","ping_status":"closed","sticky":false,"template":"","format":"standard","meta":{"footnotes":""},"categories":[3436,1973,31],"tags":[101,3004,2956],"class_list":["post-23483","post","type-post","status-publish","format-standard","hentry","category-opowiesci-historie-legendy-brokowskie-i-nie-tylko","category-pisali-o-sadownem","category-historia-gminy","tag-historia-gminy-sadowne","tag-jerzy-madzelan","tag-opowiesci-historie-legendy-brokowskie-i-nie-tylko"],"views":2557,"_links":{"self":[{"href":"https:\/\/info.sadowne.pl\/index.php?rest_route=\/wp\/v2\/posts\/23483","targetHints":{"allow":["GET"]}}],"collection":[{"href":"https:\/\/info.sadowne.pl\/index.php?rest_route=\/wp\/v2\/posts"}],"about":[{"href":"https:\/\/info.sadowne.pl\/index.php?rest_route=\/wp\/v2\/types\/post"}],"author":[{"embeddable":true,"href":"https:\/\/info.sadowne.pl\/index.php?rest_route=\/wp\/v2\/users\/1"}],"replies":[{"embeddable":true,"href":"https:\/\/info.sadowne.pl\/index.php?rest_route=%2Fwp%2Fv2%2Fcomments&post=23483"}],"version-history":[{"count":1,"href":"https:\/\/info.sadowne.pl\/index.php?rest_route=\/wp\/v2\/posts\/23483\/revisions"}],"predecessor-version":[{"id":23485,"href":"https:\/\/info.sadowne.pl\/index.php?rest_route=\/wp\/v2\/posts\/23483\/revisions\/23485"}],"wp:attachment":[{"href":"https:\/\/info.sadowne.pl\/index.php?rest_route=%2Fwp%2Fv2%2Fmedia&parent=23483"}],"wp:term":[{"taxonomy":"category","embeddable":true,"href":"https:\/\/info.sadowne.pl\/index.php?rest_route=%2Fwp%2Fv2%2Fcategories&post=23483"},{"taxonomy":"post_tag","embeddable":true,"href":"https:\/\/info.sadowne.pl\/index.php?rest_route=%2Fwp%2Fv2%2Ftags&post=23483"}],"curies":[{"name":"wp","href":"https:\/\/api.w.org\/{rel}","templated":true}]}}