{"id":23510,"date":"2020-06-22T09:56:09","date_gmt":"2020-06-22T07:56:09","guid":{"rendered":"http:\/\/info.sadowne.pl\/?p=23510"},"modified":"2020-06-22T09:56:09","modified_gmt":"2020-06-22T07:56:09","slug":"kronika-strazacka-15-21-czerwca-2020","status":"publish","type":"post","link":"https:\/\/info.sadowne.pl\/?p=23510","title":{"rendered":"Kronika stra\u017cacka 15-21 czerwca 2020"},"content":{"rendered":"<p><strong><a href=\"http:\/\/info.sadowne.pl\/wp-content\/uploads\/2013\/07\/straz3.jpg\"><img loading=\"lazy\" decoding=\"async\" class=\"alignleft size-thumbnail wp-image-2625\" src=\"http:\/\/info.sadowne.pl\/wp-content\/uploads\/2013\/07\/straz3-180x130.jpg\" alt=\"\" width=\"180\" height=\"130\" \/><\/a>W<\/strong> <strong>okresie<\/strong> <strong>od<\/strong><strong> 15 &#8211; 21.06.2020 \u00a0<\/strong><strong>na<\/strong> <strong>terenie<\/strong> <strong>powiatu<\/strong> <strong>w\u0119growskiego<\/strong> <strong>zanotowano: <\/strong><strong>42 <\/strong><strong>zdarzenia,<\/strong> <strong>przy<\/strong> <strong>kt\u00f3rych<\/strong> <strong>interweniowa\u0142y<\/strong> <strong>jednostki<\/strong> <strong>ochrony<\/strong> <strong>przeciwpo\u017carowej, w tym:<\/strong> <strong>2 po\u017cary i 40 miejscowych zagro\u017ce\u0144.<\/strong><!--more--><\/p>\n<p><strong>17.06.2020 \u2013 Powiat w\u0119growski \u2013 Wiatry i burze.<\/strong><\/p>\n<p>W dniu 17.06.2020 oko\u0142o po\u0142udnia przez powiat w\u0119growski przesz\u0142a burza, w wyniku kt\u00f3rej 17 razy interweniowali stra\u017cacy usuwaj\u0105c powalone drzewa.<\/p>\n<p><strong>19.06.2020 \u2013 Powiat w\u0119growski \u2013 Wiatry i burze.<\/strong><\/p>\n<p>W dniu 19.06.2020 oko\u0142o po\u0142udnia przez powiat w\u0119growski przesz\u0142a burza, w wyniku kt\u00f3rej 9 razy interweniowali stra\u017cacy usuwaj\u0105c powalone drzewa.<\/p>\n<p>Ponadto ka\u017cdego dnia ok. 4-5 zdarze\u0144 zwi\u0105zanych z wiatrami i burzami plus owady, jedna niegro\u017ana kolizja. <strong>Dwa niewielkie po\u017cary \u015bci\u00f3\u0142ki le\u015bnej w Ziele\u0144cu.<\/strong><\/p>\n<p><strong>KP PSP W\u0119gr\u00f3w<\/strong><\/p>\n","protected":false},"excerpt":{"rendered":"<p>W okresie od 15 &#8211; 21.06.2020 \u00a0na terenie powiatu w\u0119growskiego zanotowano: 42 zdarzenia, przy kt\u00f3rych interweniowa\u0142y jednostki ochrony przeciwpo\u017carowej, w tym: 2 po\u017cary i 40 miejscowych zagro\u017ce\u0144.<\/p>\n","protected":false},"author":1,"featured_media":0,"comment_status":"closed","ping_status":"closed","sticky":false,"template":"","format":"standard","meta":{"footnotes":""},"categories":[5,4,267],"tags":[491,643],"class_list":["post-23510","post","type-post","status-publish","format-standard","hentry","category-newsy","category-policja-straz-pozarna-pogotowie-ratunkowe","category-straz-pozarna-policja-straz-pozarna-pogotowie-ratunkowe","tag-komenda-powiatowa-panstwowej-strazy-pozarnej-w-wegrowie","tag-kronika-strazacka"],"views":2618,"_links":{"self":[{"href":"https:\/\/info.sadowne.pl\/index.php?rest_route=\/wp\/v2\/posts\/23510","targetHints":{"allow":["GET"]}}],"collection":[{"href":"https:\/\/info.sadowne.pl\/index.php?rest_route=\/wp\/v2\/posts"}],"about":[{"href":"https:\/\/info.sadowne.pl\/index.php?rest_route=\/wp\/v2\/types\/post"}],"author":[{"embeddable":true,"href":"https:\/\/info.sadowne.pl\/index.php?rest_route=\/wp\/v2\/users\/1"}],"replies":[{"embeddable":true,"href":"https:\/\/info.sadowne.pl\/index.php?rest_route=%2Fwp%2Fv2%2Fcomments&post=23510"}],"version-history":[{"count":1,"href":"https:\/\/info.sadowne.pl\/index.php?rest_route=\/wp\/v2\/posts\/23510\/revisions"}],"predecessor-version":[{"id":23511,"href":"https:\/\/info.sadowne.pl\/index.php?rest_route=\/wp\/v2\/posts\/23510\/revisions\/23511"}],"wp:attachment":[{"href":"https:\/\/info.sadowne.pl\/index.php?rest_route=%2Fwp%2Fv2%2Fmedia&parent=23510"}],"wp:term":[{"taxonomy":"category","embeddable":true,"href":"https:\/\/info.sadowne.pl\/index.php?rest_route=%2Fwp%2Fv2%2Fcategories&post=23510"},{"taxonomy":"post_tag","embeddable":true,"href":"https:\/\/info.sadowne.pl\/index.php?rest_route=%2Fwp%2Fv2%2Ftags&post=23510"}],"curies":[{"name":"wp","href":"https:\/\/api.w.org\/{rel}","templated":true}]}}