{"id":23551,"date":"2020-07-02T10:21:11","date_gmt":"2020-07-02T08:21:11","guid":{"rendered":"http:\/\/info.sadowne.pl\/?p=23551"},"modified":"2020-10-04T17:06:11","modified_gmt":"2020-10-04T15:06:11","slug":"stanislaw-sienicki-czlowiek-historia","status":"publish","type":"post","link":"https:\/\/info.sadowne.pl\/?p=23551","title":{"rendered":"STANIS\u0141AW SIENICKI \u2013 CZ\u0141OWIEK HISTORIA"},"content":{"rendered":"<p><strong><a href=\"http:\/\/info.sadowne.pl\/wp-content\/uploads\/2020\/07\/Brok29.jpg\" target=\"_blank\" rel=\"noopener noreferrer\"><img loading=\"lazy\" decoding=\"async\" class=\"alignleft wp-image-23552 size-thumbnail\" src=\"http:\/\/info.sadowne.pl\/wp-content\/uploads\/2020\/07\/Brok29-180x130.jpg\" alt=\"\" width=\"180\" height=\"130\" \/><\/a>Przegl\u0105daj\u0105c materia\u0142y dotycz\u0105ce historii okolicy, wci\u0105\u017c natykam si\u0119 na wzmianki o niezwyk\u0142ych ludziach, kt\u00f3rych \u017cycie mog\u0142oby stanowi\u0107 kanw\u0119, je\u017celi nie ksi\u0105\u017cki, to przynajmniej gaw\u0119dy. <\/strong><!--more--><\/p>\n<p>Niestety, trudno natkn\u0105\u0107 si\u0119 na kogo\u015b, kto pozostawi\u0142 po sobie jakie\u015b og\u00f3lnie dost\u0119pne wspomnienia. Jednym z tych chlubnych wyj\u0105tk\u00f3w jest bohater niniejszej opowie\u015bci. Pochodzi\u0142 z niewielkiej wioski Dani\u0142\u00f3wka i nawet, gdy los go rzuca\u0142 nieco dalej od ojcowizny, to rych\u0142o tu powraca\u0142. Opis jego \u017cycia to najlepsza kronika lokalnej historii, z jak\u0105 si\u0119 spotka\u0142em. Nie historii Dani\u0142\u00f3wki, ale regionu, bo przecie\u017c z Broku do Dani\u0142\u00f3wki jest ledwie kilkana\u015bcie kilometr\u00f3w, z Sadownego \u017adziebko dalej, a z takiego Kaczkowa, to ju\u017c niewiele trzeba by dorzuci\u0107 tam kamieniem. Wszystkich mieszka\u0144c\u00f3w tych i innych s\u0105siednich miejscowo\u015bci dotyka\u0142y podobne rado\u015bci i dziejowe kl\u0119ski.<\/p>\n<p>Wi\u0119cej na stronie <span style=\"color: #0000ff;\"><strong><a style=\"color: #0000ff;\" href=\"http:\/\/madzelan.cba.pl\/stanislaw-sienicki-czlowiek-historia\/\" target=\"_blank\" rel=\"noopener noreferrer\">http:\/\/madzelan.cba.pl\/stanislaw-sienicki-czlowiek-historia\/<\/a><\/strong><\/span><\/p>\n","protected":false},"excerpt":{"rendered":"<p>Przegl\u0105daj\u0105c materia\u0142y dotycz\u0105ce historii okolicy, wci\u0105\u017c natykam si\u0119 na wzmianki o niezwyk\u0142ych ludziach, kt\u00f3rych \u017cycie mog\u0142oby stanowi\u0107 kanw\u0119, je\u017celi nie ksi\u0105\u017cki, to przynajmniej gaw\u0119dy.<\/p>\n","protected":false},"author":1,"featured_media":0,"comment_status":"closed","ping_status":"closed","sticky":false,"template":"","format":"standard","meta":{"footnotes":""},"categories":[5,3436,1973,31],"tags":[101,3004,2956],"class_list":["post-23551","post","type-post","status-publish","format-standard","hentry","category-newsy","category-opowiesci-historie-legendy-brokowskie-i-nie-tylko","category-pisali-o-sadownem","category-historia-gminy","tag-historia-gminy-sadowne","tag-jerzy-madzelan","tag-opowiesci-historie-legendy-brokowskie-i-nie-tylko"],"views":2557,"_links":{"self":[{"href":"https:\/\/info.sadowne.pl\/index.php?rest_route=\/wp\/v2\/posts\/23551","targetHints":{"allow":["GET"]}}],"collection":[{"href":"https:\/\/info.sadowne.pl\/index.php?rest_route=\/wp\/v2\/posts"}],"about":[{"href":"https:\/\/info.sadowne.pl\/index.php?rest_route=\/wp\/v2\/types\/post"}],"author":[{"embeddable":true,"href":"https:\/\/info.sadowne.pl\/index.php?rest_route=\/wp\/v2\/users\/1"}],"replies":[{"embeddable":true,"href":"https:\/\/info.sadowne.pl\/index.php?rest_route=%2Fwp%2Fv2%2Fcomments&post=23551"}],"version-history":[{"count":1,"href":"https:\/\/info.sadowne.pl\/index.php?rest_route=\/wp\/v2\/posts\/23551\/revisions"}],"predecessor-version":[{"id":23553,"href":"https:\/\/info.sadowne.pl\/index.php?rest_route=\/wp\/v2\/posts\/23551\/revisions\/23553"}],"wp:attachment":[{"href":"https:\/\/info.sadowne.pl\/index.php?rest_route=%2Fwp%2Fv2%2Fmedia&parent=23551"}],"wp:term":[{"taxonomy":"category","embeddable":true,"href":"https:\/\/info.sadowne.pl\/index.php?rest_route=%2Fwp%2Fv2%2Fcategories&post=23551"},{"taxonomy":"post_tag","embeddable":true,"href":"https:\/\/info.sadowne.pl\/index.php?rest_route=%2Fwp%2Fv2%2Ftags&post=23551"}],"curies":[{"name":"wp","href":"https:\/\/api.w.org\/{rel}","templated":true}]}}