{"id":23563,"date":"2020-07-05T17:25:51","date_gmt":"2020-07-05T15:25:51","guid":{"rendered":"http:\/\/info.sadowne.pl\/?p=23563"},"modified":"2021-09-01T20:51:09","modified_gmt":"2021-09-01T18:51:09","slug":"bieg-grzymaly-2020","status":"publish","type":"post","link":"https:\/\/info.sadowne.pl\/?p=23563","title":{"rendered":"Bieg Grzyma\u0142y 2020"},"content":{"rendered":"<p><strong><a href=\"http:\/\/info.sadowne.pl\/wp-content\/uploads\/2020\/07\/2020.07.05.1.jpg\" target=\"_blank\" rel=\"noopener noreferrer\"><img loading=\"lazy\" decoding=\"async\" class=\"alignleft wp-image-23564 size-thumbnail\" src=\"http:\/\/info.sadowne.pl\/wp-content\/uploads\/2020\/07\/2020.07.05.1-180x130.jpg\" alt=\"\" width=\"180\" height=\"130\" \/><\/a>W niedziel\u0119 5 lipca w Sadownem odby\u0142 si\u0119 VII Bieg i III Marsz Nordic Walking ku czci b\u0142. ks. Edwarda Grzyma\u0142y. <\/strong><!--more--><\/p>\n<p>Na starcie do dziewi\u0119ciokilometrowego Marszu Nordic Walking stan\u0119\u0142o 27 zawodnik\u00f3w, a na d\u0142u\u017csz\u0105 o kilometr tras\u0119 biegu wyruszy\u0142o 103 mi\u0142o\u015bnik\u00f3w biegania, w\u015br\u00f3d kt\u00f3rych znajdowali si\u0119 przewa\u017cnie stali uczestnicy tej cyklicznej imprezy.<\/p>\n<p>Warto te\u017c przypomnie\u0107, \u017ce rejestracj\u0105 i systemem elektronicznego pomiaru czasu podczas zawod\u00f3w zajmowa\u0142a si\u0119 znana ju\u017c nam firma Chiptiming, kt\u00f3ra na swojej stronie internetowej prezentuje list\u0119 zawodnik\u00f3w i ostateczn\u0105 klasyfikacj\u0119 zawod\u00f3w.<\/p>\n<p>G\u0142\u00f3wnym celem tej imprezy by\u0142o przybli\u017cenie uczestnikom postaci zamordowanego przez hitlerowc\u00f3w b\u0142ogos\u0142awionego ksi\u0119dza doktora Edwarda Grzyma\u0142y (urodzi\u0142 si\u0119 w Ko\u0142odzi\u0105\u017cu, w miejscu usytuowanym w \u015brodkowej cz\u0119\u015bci trasy), ale te\u017c propagowanie zdrowego trybu \u017cycia w\u015br\u00f3d lokalnej spo\u0142eczno\u015bci, popularyzacja biegania i marszu nordic walking, jako najprostszych form rekreacji fizycznej oraz promocja Sadownego i Gminy Sadowne &#8211; miejsc atrakcyjnych dla zdrowego wypoczynku.<\/p>\n<p><strong>Organizatorami tegorocznej imprezy sportowej byli:<\/strong> Klub Sportowy \u201eWicher\u201d Sadowne, Gmina Sadowne, Gminny O\u015brodek Kultury w Sadownem, Generalna Dyrekcja Las\u00f3w Pa\u0144stwowych, Nadle\u015bnictwo w \u0141ochowie i Fundacja ORLEN, a patronat medialny nad imprez\u0105 sprawowa\u0142 Portal INFO Sadowne.<\/p>\n<p><a href=\"http:\/\/info.sadowne.pl\/wp-content\/uploads\/2020\/06\/sponsorzy.jpg\"><img loading=\"lazy\" decoding=\"async\" class=\"aligncenter size-full wp-image-23544\" src=\"http:\/\/info.sadowne.pl\/wp-content\/uploads\/2020\/06\/sponsorzy.jpg\" alt=\"\" width=\"605\" height=\"125\" srcset=\"https:\/\/info.sadowne.pl\/wp-content\/uploads\/2020\/06\/sponsorzy.jpg 605w, https:\/\/info.sadowne.pl\/wp-content\/uploads\/2020\/06\/sponsorzy-300x62.jpg 300w\" sizes=\"auto, (max-width: 605px) 100vw, 605px\" \/><\/a><\/p>\n<p><strong>Impreza odby\u0142a si\u0119 5 lipca 2020 roku w Sadownem.<\/strong> Start: marsz o godz. 10.45, bieg o godz. 11.00. Start i meta zosta\u0142y usytuowane na polanie le\u015bnej przy wiacie Ko\u0142a \u0141owieckiego \u015bw. Huberta. Bieg i marsz zosta\u0142y przeprowadzone w ca\u0142o\u015bci duktami le\u015bnymi lasu \u201eJegiel\u201d, na trasie o pod\u0142o\u017cu \u017cwirowo &#8211; piaszczystym do miejsca urodzin b\u0142. Edwarda Grzyma\u0142y i z powrotem.<\/p>\n<p><strong>Przed rozpocz\u0119ciem zawod\u00f3w przedstawiciele Organizator\u00f3w zapaleniem symbolicznych zniczy upami\u0119tnili Patrona Biegu b\u0142. Edwarda Grzyma\u0142\u0119<\/strong> w miejscu jego urodzin, a tak\u017ce pomordowanych przez hitlerowc\u00f3w w czasie II wojny \u015bwiatowej mieszka\u0144c\u00f3w Gminy Sadowne narodowo\u015bci \u017cydowskiej i polskiej, pogrzebanych na tzw. Majdanie, kt\u00f3ry zlokalizowany jest nieopodal miejsca rozgrywanych zawod\u00f3w.<\/p>\n<p>Zawody oficjalnie otworzy\u0142 przedstawiciel KS WICHER Sadowne, jednocze\u015bnie prowadz\u0105cego zawody \u2013 p. Tadeusz Danaj i ju\u017c po chwili Nadle\u015bniczy Nadle\u015bnictwa w \u0141ochowie p. Jerzy Derlicki wcieli\u0142 si\u0119 w rol\u0119 \u201eStartera\u201d.<\/p>\n<p>O 10.45, z zachowaniem zasad bezpiecze\u0144stwa na wolnym powietrzu z uwagi na pandemi\u0119 koronawirusa, ruszyli zawodnicy nordic walking, a po pi\u0119tnastu minutach biegacze. Na trasie? Zmagania ze swoimi s\u0142abo\u015bciami i rywalizacja z innymi zawodnikami w upalnym s\u0142o\u0144cu. A po biegu i marszu? Pozosta\u0142o ju\u017c tylko podsumowanie i uhonorowanie zawodnik\u00f3w \u2013 wszystkich medalami pami\u0105tkowymi, a najlepszych w klasyfikacjach open i wiekowych specjalnymi, drewnianymi statuetkami, kt\u00f3re wr\u0119czyli przedstawiciele Organizator\u00f3w i instytucji wspieraj\u0105cych sadowie\u0144ski sport: p. Bogus\u0142aw Pi\u0105tek \u2013 Zast\u0119pca Dyrektora Generalnego Las\u00f3w Pa\u0144stwowych, p. Jerzy Derlicki \u2013 Nadle\u015bniczy Nadle\u015bnictwa w \u0141ochowie, p. Agata S\u0119dek \u2013 Dyrektor Przedszkola w Sadownem, p. Ma\u0142gorzata Koro\u015b \u2013 Dyrektor Szko\u0142y Podstawowej im. b\u0142. ks. Edwarda Grzyma\u0142y w Sadownem, p. Emil Filipiak &#8211; Prezes KS \u201eWicher\u201d Sadowne, p. Sebastian Kowalczyk \u2013 Wiceprezes KS \u201eWicher\u201d Sadowne i p. Hubert Nowak \u2013 Trener KS \u201eWicher\u201d Sadowne.<\/p>\n<p>W tegorocznych zawodach po raz drugi zawodnicy walczyli te\u017c o trofea &#8211; puchary: Najlepszy Zawodnik Biegu i Najlepszy Zawodnik Marszu Nordic Walking, kt\u00f3re ufundowa\u0142 wsp\u00f3\u0142organizator zawod\u00f3w Dyrektor Generalny Las\u00f3w Pa\u0144stwowych. Najlepszemu zawodnikowi w Biegu p. Maciejowi Dutkiewiczowi z Warszawy oraz najlepszemu zawodnikowi w Marszu p. Marcinowi Tomczakowi z Ciechanowa puchary wr\u0119czy\u0142 p. Bogus\u0142aw Pi\u0105tek &#8211; Zast\u0119pca Dyrektora Generalnego Las\u00f3w Pa\u0144stwowych.<\/p>\n<p><strong>A oto klasyfikacja najlepszych zawodnik\u00f3w tej imprezy sportowej:<\/strong><\/p>\n<p><strong><span style=\"color: #ff0000;\">BIEG \u2013 10 km<\/span>\u00a0\u00a0\u00a0\u00a0\u00a0\u00a0\u00a0\u00a0\u00a0\u00a0\u00a0\u00a0\u00a0\u00a0\u00a0\u00a0\u00a0\u00a0\u00a0\u00a0\u00a0\u00a0\u00a0\u00a0\u00a0\u00a0\u00a0\u00a0\u00a0\u00a0\u00a0\u00a0\u00a0\u00a0\u00a0\u00a0\u00a0\u00a0\u00a0\u00a0\u00a0\u00a0\u00a0\u00a0\u00a0\u00a0\u00a0\u00a0\u00a0\u00a0\u00a0\u00a0\u00a0\u00a0\u00a0\u00a0\u00a0\u00a0\u00a0\u00a0\u00a0\u00a0\u00a0\u00a0\u00a0\u00a0\u00a0\u00a0\u00a0\u00a0\u00a0\u00a0\u00a0 <\/strong><\/p>\n<p><strong>KOBIETY<\/strong><\/p>\n<p><strong>Klasyfikacja open:<\/strong><\/p>\n<p>I miejsce \u2013 Patrycja Malenka, 00:47:31.06<\/p>\n<p>II miejsce \u2013 Dorota Korzep Czekalska, 00:48:29.36<\/p>\n<p>III miejsce \u2013 Agnieszka Brogowicz St\u0119pniewska, 00:50:58.46<\/p>\n<p><strong>Klasyfikacja wiekowa 16 \u2013 29 lat<\/strong><\/p>\n<p>I miejsce \u2013 Magda Wysocka, &#8221; 00:53:45.22<\/p>\n<p>II miejsce \u2013 Sofiia Bedzis, 01:19:19.67<\/p>\n<p>III miejsce \u2013 Martyna Myszkowska, 01:19:21.65<\/p>\n<p><strong>Klasyfikacja wiekowa 30 \u2013 49 lat<\/strong><\/p>\n<p>I miejsce \u2013 Patrycja Malenka, 00:47:31.06<\/p>\n<p>II miejsce \u2013 Dorota Korzep Czekalska, 00:48:29.36<\/p>\n<p>III miejsce \u2013 Agnieszka Brogowicz St\u0119pniewska, 00:50:58.46<\/p>\n<p><strong>Klasyfikacja wiekowa 50+<\/strong><\/p>\n<p>I miejsce \u2013 Wies\u0142awa Grala-M\u0105ka, 00:57:47.04<\/p>\n<p>II miejsce \u2013 Jolanta Zapa\u0142owska, 00:59:15.28<\/p>\n<p>III miejsce \u2013 Zoja Krzy\u017canowska, 01:07:26.01<\/p>\n<p><strong>M\u0118\u017bCZY\u0179NI<\/strong><\/p>\n<p><strong>Klasyfikacja open:<\/strong><\/p>\n<p>I miejsce \u2013 Maciej Dutkiewicz, 00:37:50.96<\/p>\n<p>II miejsce \u2013 Tomasz Ga\u0142\u0105zka, 00:37:57.70<\/p>\n<p>III miejsce \u2013 Dariusz Sadowski, 00:38:19.91<\/p>\n<p><strong>Klasyfikacja wiekowa 16 \u2013 29 lat<\/strong><\/p>\n<p>I miejsce \u2013 Kamil Skorupa, 00:39:50.49<\/p>\n<p>II miejsce \u2013 Mateusz Abramowski, 00:41:57.32<\/p>\n<p>III miejsce \u2013 Artur Gawkowski, 00:43:27.29<\/p>\n<p><strong>Klasyfikacja wiekowa 30 \u2013 49 lat<\/strong><\/p>\n<p>I miejsce \u2013 Maciej Dutkiewicz, 00:37:50.96<\/p>\n<p>II miejsce \u2013 Tomasz Ga\u0142\u0105zka, 00:37:57.70<\/p>\n<p>III miejsce \u2013 Dariusz Sadowski, 00:38:19.91<\/p>\n<p><strong>Klasyfikacja wiekowa 50+<\/strong><\/p>\n<p>I miejsce \u2013 S\u0142awomir M\u0105ka, 00:40:59.83<\/p>\n<p>II miejsce \u2013 Wojciech Broniek, 00:42:38.83<\/p>\n<p>III miejsce \u2013 S\u0142awek Sta\u0144ski, 00:46:34.91<\/p>\n<p><span style=\"color: #ff0000;\"><strong>MARSZ NORDIC WALKING \u2013 ok. 9 km<\/strong><\/span><\/p>\n<p><strong>KOBIETY<\/strong><\/p>\n<p><strong>Klasyfikacja open:<\/strong><\/p>\n<p>I miejsce \u2013 Ewa Tomczak, 01:01:27.56<\/p>\n<p>II miejsce \u2013 Ma\u0142gorzata Gadomska, 01:02:52.22<\/p>\n<p>III miejsce \u2013 Bogna Gaj, 01:04:20.44<\/p>\n<p><strong>Klasyfikacja wiekowa 16 \u2013 45 lat<\/strong><\/p>\n<p>I miejsce \u2013 Ewa Tomczak, 01:01:27.56<\/p>\n<p>II miejsce \u2013 Agata S\u0119dek, 01:08:24.62<\/p>\n<p>III miejsce \u2013 Katarzyna Matusik, 01:09:34.63<\/p>\n<p><strong>Klasyfikacja wiekowa 46+<\/strong><\/p>\n<p>I miejsce \u2013 Ma\u0142gorzata Gadomska, 01:02:52.22<\/p>\n<p>II miejsce \u2013 Bogna Gaj, 01:04:20.44<\/p>\n<p>III miejsce \u2013 Dorota D\u0105bkowska, 01:05:10.39<\/p>\n<p><strong>M\u0118\u017bCZY\u0179NI<\/strong><\/p>\n<p><strong>Klasyfikacja open:<\/strong><\/p>\n<p>I miejsce \u2013 Marcin Tomczak, 00:56:12.73<\/p>\n<p>II miejsce \u2013 Wojciech Ga\u0142czy\u0144ski, 00:56:51.16<\/p>\n<p>III miejsce \u2013 Piotr Wojtkowski, 00:57:48.82<\/p>\n<p><strong>Klasyfikacja wiekowa 16 \u2013 45 lat<\/strong><\/p>\n<p>I miejsce \u2013 Marcin Tomczak, 00:56:12.73<\/p>\n<p>II miejsce \u2013 Piotr Wojtkowski, 00:57:48.82<\/p>\n<p>III miejsce \u2013 Jakub Aksamit, 00:59:45.37<\/p>\n<p><strong>Klasyfikacja wiekowa 46+<\/strong><\/p>\n<p>I miejsce \u2013 Wojciech Ga\u0142czy\u0144ski, 00:56:51.16<\/p>\n<p>II miejsce \u2013 Wojciech Gil, 00:58:16.82<\/p>\n<p>III miejsce \u2013 Maciej Wajda, 00:59:48.44<\/p>\n<p><strong>Pe\u0142ne wyniki zawod\u00f3w na stronie Firmy Chiptiming \u2013<\/strong><span style=\"color: #0000ff;\"><strong><a style=\"color: #0000ff;\" href=\"http:\/\/www.chiptiming.pl\/pl\/zawody_szczegoly\/VII-Bieg-i-III-Marsz-Ku-Czci-Blogoslawionego-dr-Edwarda-Grzymaly\" target=\"_blank\" rel=\"noopener noreferrer\">http:\/\/www.chiptiming.pl\/pl\/zawody_szczegoly\/VII-Bieg-i-III-Marsz-Ku-Czci-Blogoslawionego-dr-Edwarda-Grzymaly<\/a><\/strong><\/span><\/p>\n<p>Po zawodach oczywi\u015bcie nie oby\u0142o si\u0119 bez regeneracji wyczerpanych organizm\u00f3w zawodnik\u00f3w, dlatego te\u017c Organizatorzy przygotowali dla nich posi\u0142ek regeneracyjny, a na deser \u2013 jagodzianki. Zgodnie te\u017c z tradycj\u0105, uczestnicy zawod\u00f3w wzi\u0119li tak\u017ce udzia\u0142 w losowaniu drobnych upomink\u00f3w ufundowanych przez Organizator\u00f3w.<\/p>\n<p>Zawody tym razem odby\u0142y si\u0119 bez publiczno\u015bci, ale ustalony limit zawodnik\u00f3w zosta\u0142 wyczerpany bardzo szybko. Za przygotowanie i bezproblemowy przebieg imprezy podzi\u0119kowania nale\u017c\u0105 si\u0119 Organizatorom i Sponsorom, ale te\u017c wspieraj\u0105cym ich i bior\u0105cym udzia\u0142 w obs\u0142udze oraz zabezpieczeniu imprezy cz\u0142onkom KS \u201eWicher\u201d Sadowne, pracownikom Gminnego O\u015brodka Kultury w Sadownem czy druhom z OSP Sadowne.<\/p>\n<p><strong>Ju\u017c teraz zapraszamy te\u017c wszystkich mi\u0142o\u015bnik\u00f3w bieg\u00f3w na kolejne spotkanie \u2013 podczas Biegu i Marszu pn. \u201eNadbu\u017ca\u0144ska Sz\u00f3stka\u201d w Wilczog\u0119bach, zaplanowanych na ostatni\u0105 niedziel\u0119 sierpnia br. <\/strong><\/p>\n<p><span style=\"color: #0000ff;\"><a style=\"color: #0000ff;\" href=\"https:\/\/photos.app.goo.gl\/8nWfQxCrhgwDnDEj6\" target=\"_blank\" rel=\"noopener noreferrer\"><strong>Zdj\u0119cia w Galerii Google&gt;&gt;&gt;<\/strong><\/a><\/span><\/p>\n<p><strong>Tekst\/foto:<\/strong>\u00a0S\u0142awek Chyli\u0144ski<\/p>\n","protected":false},"excerpt":{"rendered":"<p>W niedziel\u0119 5 lipca w Sadownem odby\u0142 si\u0119 VII Bieg i III Marsz Nordic Walking ku czci b\u0142. ks. Edwarda Grzyma\u0142y.<\/p>\n","protected":false},"author":1,"featured_media":0,"comment_status":"closed","ping_status":"closed","sticky":false,"template":"","format":"standard","meta":{"footnotes":""},"categories":[5,2135,3627,7],"tags":[169,25,3317],"class_list":["post-23563","post","type-post","status-publish","format-standard","hentry","category-newsy","category-bieganie","category-nordic-walking","category-sport","tag-gminny-osrodek-kultury-w-sadownem","tag-sadowne","tag-vii-bieg-i-iii-marsz-nordic-walking-ku-czci-bl-e-grzymaly-w-sadownem"],"views":3391,"_links":{"self":[{"href":"https:\/\/info.sadowne.pl\/index.php?rest_route=\/wp\/v2\/posts\/23563","targetHints":{"allow":["GET"]}}],"collection":[{"href":"https:\/\/info.sadowne.pl\/index.php?rest_route=\/wp\/v2\/posts"}],"about":[{"href":"https:\/\/info.sadowne.pl\/index.php?rest_route=\/wp\/v2\/types\/post"}],"author":[{"embeddable":true,"href":"https:\/\/info.sadowne.pl\/index.php?rest_route=\/wp\/v2\/users\/1"}],"replies":[{"embeddable":true,"href":"https:\/\/info.sadowne.pl\/index.php?rest_route=%2Fwp%2Fv2%2Fcomments&post=23563"}],"version-history":[{"count":1,"href":"https:\/\/info.sadowne.pl\/index.php?rest_route=\/wp\/v2\/posts\/23563\/revisions"}],"predecessor-version":[{"id":23565,"href":"https:\/\/info.sadowne.pl\/index.php?rest_route=\/wp\/v2\/posts\/23563\/revisions\/23565"}],"wp:attachment":[{"href":"https:\/\/info.sadowne.pl\/index.php?rest_route=%2Fwp%2Fv2%2Fmedia&parent=23563"}],"wp:term":[{"taxonomy":"category","embeddable":true,"href":"https:\/\/info.sadowne.pl\/index.php?rest_route=%2Fwp%2Fv2%2Fcategories&post=23563"},{"taxonomy":"post_tag","embeddable":true,"href":"https:\/\/info.sadowne.pl\/index.php?rest_route=%2Fwp%2Fv2%2Ftags&post=23563"}],"curies":[{"name":"wp","href":"https:\/\/api.w.org\/{rel}","templated":true}]}}