{"id":23579,"date":"2020-07-20T14:47:11","date_gmt":"2020-07-20T12:47:11","guid":{"rendered":"http:\/\/info.sadowne.pl\/?p=23579"},"modified":"2020-07-20T14:47:11","modified_gmt":"2020-07-20T12:47:11","slug":"kronika-strazacka-13-19-07-2020","status":"publish","type":"post","link":"https:\/\/info.sadowne.pl\/?p=23579","title":{"rendered":"Kronika stra\u017cacka 13-19.07.2020"},"content":{"rendered":"<p><strong><a href=\"http:\/\/info.sadowne.pl\/wp-content\/uploads\/2013\/07\/straz3.jpg\"><img loading=\"lazy\" decoding=\"async\" class=\"alignleft size-thumbnail wp-image-2625\" src=\"http:\/\/info.sadowne.pl\/wp-content\/uploads\/2013\/07\/straz3-180x130.jpg\" alt=\"\" width=\"180\" height=\"130\" \/><\/a>W<\/strong> <strong>okresie<\/strong> <strong>od<\/strong><strong> 13.07 do 19.07.2020 <\/strong><strong>na<\/strong> <strong>terenie<\/strong> <strong>powiatu<\/strong> <strong>w\u0119growskiego<\/strong> <strong>zanotowano: <\/strong><strong>24 <\/strong><strong>zdarzenia,<\/strong> <strong>przy<\/strong> <strong>kt\u00f3rych<\/strong> <strong>interweniowa\u0142y<\/strong> <strong>jednostki<\/strong> <strong>ochrony<\/strong> <strong>przeciwpo\u017carowej, w tym:<\/strong><strong> 6 po\u017car\u00f3w, 17 miejscowych zagro\u017ce\u0144 i 1 alarm fa\u0142szywy.<\/strong><!--more--><\/p>\n<p><strong>15.07.2020 \u2013 Ruchna, gm. Liw \u2013 po\u017car w budynku mieszkalnym.<\/strong><\/p>\n<p>Po doje\u017adzie na miejsce zdarzenia zast\u0119p\u00f3w JRG W\u0119gr\u00f3w i OSP Ruchna, stra\u017cacy stwierdzili zadymienie na poddaszu w parterowym, drewniano-murowanym budynku mieszkalnym (brak widocznego ognia), nie by\u0142o os\u00f3b poszkodowanych. Pr\u0105d do budynku zosta\u0142 wy\u0142\u0105czony przez w\u0142a\u015bciciela, kt\u00f3ry przed przyjazdem s\u0142u\u017cb podj\u0105\u0142 pr\u00f3b\u0119 gaszenia po\u017caru. Dzia\u0142ania zast\u0119p\u00f3w polega\u0142y na zabezpieczeniu miejsca zdarzenia oraz rozwini\u0119ciu linii ga\u015bniczej na poddasze wraz z podaniem pr\u0105du wody. Jednocze\u015bnie przeprowadzono oddymienie poddasza. Dzia\u0142ania te doprowadzi\u0142y do lokalizacji po\u017caru. Przyby\u0142a na miejsce zdarzenia kolejna jednostka OSP Wyszk\u00f3w wspar\u0142a dzia\u0142ania. W wyniku sprawdzania poddasza ustalono, \u017ce zapali\u0142y si\u0119 trociny stanowi\u0105ce ocieplenie oraz drewniane elementy poddasza. Dalsze dzia\u0142ania polega\u0142y na usuwaniu tl\u0105cych si\u0119 trocin i desek na zewn\u0105trz wraz z przelewaniem ich wod\u0105. W trakcie dzia\u0142a\u0144 skorzystano z kamery termowizyjnej, co pozwoli\u0142o na dotarcie do wszystkich zarzewi ognia. Sprawdzono te\u017c pomieszczenia miernikiem wielogazowym pod k\u0105tem wyst\u0119powania tlenku w\u0119gla, nie stwierdzaj\u0105c jego obecno\u015bci. Poddasze oraz ca\u0142y budynek przewietrzono.<\/p>\n<p><strong>17.07.2020 \u2013 \u00a0W\u0119gr\u00f3w, ul. Gda\u0144ska \u2013 po\u017car w serwerowni firmy us\u0142ugowo-handlowej.<\/strong><\/p>\n<p>Po dotarciu na miejsce zast\u0119p\u00f3w JRG W\u0119gr\u00f3w stwierdzono, \u017ce w serwerowni przy pomieszczeniu biurowym firmy, wydobywa si\u0119 dym z instalacji elektrycznej. Dym rozprzestrzenia\u0142 si\u0119 na inne pomieszczenia biurowe i klatk\u0119 schodow\u0105. Pracownicy ugasili po\u017car przed przybyciem stra\u017cy po\u017carnej za pomoc\u0105 ga\u015bnicy proszkowej i prowadzili ewakuacj\u0119 pracownik\u00f3w. Dzia\u0142ania zast\u0119p\u00f3w polega\u0142y zabezpieczeniu miejsca zdarzenia, pomocy w ewakuacji pracownik\u00f3w zak\u0142adu (10 os\u00f3b). Nast\u0119pnie przyst\u0105piono do oddymienia pomieszcze\u0144 i sprawdzenia st\u0119\u017cenia substancji niebezpiecznych za pomoc\u0105 miernika wielogazowego z wynikiem negatywnym (0 ppm).<\/p>\n<p><strong>17.07.2020 \u2013 Zieleniec, gm. Sadowne \u2013 po\u017car lasu.<\/strong><\/p>\n<p>Po doje\u017adzie na miejsce zdarzenia zast\u0119p\u00f3w JRG Posterunek i OSP Sadowne, stra\u017cacy stwierdzili, \u017ce po\u017carem obj\u0119te jest ok. 15 ar\u00f3w \u015bci\u00f3\u0142ki le\u015bnej i trawy. Dzia\u0142ania zast\u0119p\u00f3w polega\u0142y na zabezpieczeniu miejsca zdarzenia i podaniu dw\u00f3ch pr\u0105d\u00f3w wody w natarciu na po\u017car, co doprowadzi\u0142o do jego lokalizacji. Nast\u0119pnie pogorzelisko przelano wod\u0105, co doprowadzi\u0142o do ugaszenia po\u017caru. Na tym dzia\u0142ania zako\u0144czono.<\/p>\n<p><strong>18.07.2020 \u2013 Roguszyn, gm. Korytnica \u2013 wypadek drogowy.<\/strong><\/p>\n<p>Po doje\u017adzie na miejsce zdarzenia OSP zg\u0142osi\u0142, \u017ce dosz\u0142o do zderzenia 2 pojazd\u00f3w osobowych, samochody znajduj\u0105 si\u0119 na bocznej drodze odchodz\u0105cej od DW637. Pojazdami podr\u00f3\u017cowa\u0142y \u0142\u0105cznie 4 osoby (w ka\u017cdym kierowca i pasa\u017cer), wszyscy opu\u015bcili pojazd o w\u0142asnych si\u0142ach przed przybyciem s\u0142u\u017cb (3 osoby bez obra\u017ce\u0144, poszkodowana jedna z pasa\u017cerek- przytomna, z b\u00f3lem w obr\u0119bie klatki piersiowej). Dzia\u0142ania stra\u017cy po\u017carnej polega\u0142y na zabezpieczeniu miejsca zdarzenia (od\u0142\u0105czenie akumulator\u00f3w, wydzielenie terenu dzia\u0142a\u0144) oraz udzieleniu kwalifikowanej pomocy przedmedycznej osobie poszkodowanej do czasu przybycia PRM na miejsce zdarzenia. Po otrzymaniu informacji o zadysponowaniu na miejsce zdarzenia LPR wyznaczono l\u0105dowisko na pobliskiej \u0142\u0105ce. Poszkodowan\u0105 przekazano lekarzowi LPR.. \u00a0LPR zabra\u0142 poszkodowan\u0105 do szpitala. \u00a0Po przekazaniu miejsca zdarzenia policji dzia\u0142ania stra\u017cy po\u017carnej zako\u0144czono.<\/p>\n<p><strong>KP PSP W\u0119gr\u00f3w<\/strong><\/p>\n","protected":false},"excerpt":{"rendered":"<p>W okresie od 13.07 do 19.07.2020 na terenie powiatu w\u0119growskiego zanotowano: 24 zdarzenia, przy kt\u00f3rych interweniowa\u0142y jednostki ochrony przeciwpo\u017carowej, w tym: 6 po\u017car\u00f3w, 17 miejscowych zagro\u017ce\u0144 i 1 alarm fa\u0142szywy.<\/p>\n","protected":false},"author":1,"featured_media":0,"comment_status":"closed","ping_status":"closed","sticky":false,"template":"","format":"standard","meta":{"footnotes":""},"categories":[5,4,267],"tags":[491,643],"class_list":["post-23579","post","type-post","status-publish","format-standard","hentry","category-newsy","category-policja-straz-pozarna-pogotowie-ratunkowe","category-straz-pozarna-policja-straz-pozarna-pogotowie-ratunkowe","tag-komenda-powiatowa-panstwowej-strazy-pozarnej-w-wegrowie","tag-kronika-strazacka"],"views":2126,"_links":{"self":[{"href":"https:\/\/info.sadowne.pl\/index.php?rest_route=\/wp\/v2\/posts\/23579","targetHints":{"allow":["GET"]}}],"collection":[{"href":"https:\/\/info.sadowne.pl\/index.php?rest_route=\/wp\/v2\/posts"}],"about":[{"href":"https:\/\/info.sadowne.pl\/index.php?rest_route=\/wp\/v2\/types\/post"}],"author":[{"embeddable":true,"href":"https:\/\/info.sadowne.pl\/index.php?rest_route=\/wp\/v2\/users\/1"}],"replies":[{"embeddable":true,"href":"https:\/\/info.sadowne.pl\/index.php?rest_route=%2Fwp%2Fv2%2Fcomments&post=23579"}],"version-history":[{"count":1,"href":"https:\/\/info.sadowne.pl\/index.php?rest_route=\/wp\/v2\/posts\/23579\/revisions"}],"predecessor-version":[{"id":23580,"href":"https:\/\/info.sadowne.pl\/index.php?rest_route=\/wp\/v2\/posts\/23579\/revisions\/23580"}],"wp:attachment":[{"href":"https:\/\/info.sadowne.pl\/index.php?rest_route=%2Fwp%2Fv2%2Fmedia&parent=23579"}],"wp:term":[{"taxonomy":"category","embeddable":true,"href":"https:\/\/info.sadowne.pl\/index.php?rest_route=%2Fwp%2Fv2%2Fcategories&post=23579"},{"taxonomy":"post_tag","embeddable":true,"href":"https:\/\/info.sadowne.pl\/index.php?rest_route=%2Fwp%2Fv2%2Ftags&post=23579"}],"curies":[{"name":"wp","href":"https:\/\/api.w.org\/{rel}","templated":true}]}}