{"id":23587,"date":"2020-07-20T17:57:50","date_gmt":"2020-07-20T15:57:50","guid":{"rendered":"http:\/\/info.sadowne.pl\/?p=23587"},"modified":"2020-07-20T17:57:50","modified_gmt":"2020-07-20T15:57:50","slug":"oglaszamy-konkurs-dozynkowy","status":"publish","type":"post","link":"https:\/\/info.sadowne.pl\/?p=23587","title":{"rendered":"Og\u0142aszamy Konkurs Do\u017cynkowy!"},"content":{"rendered":"<p><strong><a href=\"http:\/\/info.sadowne.pl\/wp-content\/uploads\/2020\/07\/2020.07.20.1.jpg\" target=\"_blank\" rel=\"noopener noreferrer\"><img loading=\"lazy\" decoding=\"async\" class=\"alignleft wp-image-23588 size-thumbnail\" src=\"http:\/\/info.sadowne.pl\/wp-content\/uploads\/2020\/07\/2020.07.20.1-180x130.jpg\" alt=\"\" width=\"180\" height=\"130\" \/><\/a>W\u00f3jt Gminy Sadowne, Proboszcz Parafii p.w. \u015bw. Jana Chrzciciela w Sadownem i Dyrektor Gminnego O\u015brodka Kultury w Sadownem serdecznie zapraszaj\u0105 do udzia\u0142u w \u201e<em>Konkursie na Najpi\u0119kniejszy Wieniec Do\u017cynkowy\u201d<\/em>.<\/strong><!--more--><\/p>\n<p>Tegoroczne Do\u017cynki Gminno \u2013 Parafialne zaplanowano na dzie\u0144 15 sierpnia 2020 r. i w ich trakcie zostanie rozstrzygni\u0119ty \u201eKonkurs na najpi\u0119kniejszy wieniec do\u017cynkowy Gminy Sadowne\u201d.<\/p>\n<p>W konkursie mog\u0105 uczestniczy\u0107 wie\u0144ce do\u017cynkowe przygotowane samodzielnie przez so\u0142ectwa, stowarzyszenia, grupy nieformalne, instytucje oraz indywidualnych tw\u00f3rc\u00f3w (osoby pe\u0142noletnie) z terenu Gminy Sadowne.<\/p>\n<p><span style=\"color: #ff0000;\"><strong>Prosimy o zapoznanie si\u0119 z dokumentacj\u0105 konkursow\u0105.<\/strong><\/span><\/p>\n<p><span style=\"color: #0000ff;\"><strong><a style=\"color: #0000ff;\" href=\"http:\/\/info.sadowne.pl\/wp-content\/uploads\/2020\/07\/REGULAMIN-KONKURSU-NA-NAJPI\u0118KNIEJSZY-WIENIEC-DO\u017bYNKOWY-2020.docx\" target=\"_blank\" rel=\"noopener noreferrer\">Regulamin konkursu&gt;&gt;&gt;<\/a><\/strong><\/span><\/p>\n<p><span style=\"color: #0000ff;\"><strong><a style=\"color: #0000ff;\" href=\"http:\/\/info.sadowne.pl\/wp-content\/uploads\/2020\/07\/KARTA-ZG\u0141OSZENIOWA.doc\" target=\"_blank\" rel=\"noopener noreferrer\">Karta zg\u0142oszeniowa&gt;&gt;&gt;<\/a><\/strong><\/span><\/p>\n<p><strong>Tekst\/foto: <\/strong>S\u0142awek Chyli\u0144ski<\/p>\n","protected":false},"excerpt":{"rendered":"<p>W\u00f3jt Gminy Sadowne, Proboszcz Parafii p.w. \u015bw. Jana Chrzciciela w Sadownem i Dyrektor Gminnego O\u015brodka Kultury w Sadownem serdecznie zapraszaj\u0105 do udzia\u0142u w \u201eKonkursie na Najpi\u0119kniejszy Wieniec Do\u017cynkowy\u201d.<\/p>\n","protected":false},"author":1,"featured_media":0,"comment_status":"closed","ping_status":"closed","sticky":false,"template":"","format":"standard","meta":{"footnotes":""},"categories":[5,91,6],"tags":[3387,169],"class_list":["post-23587","post","type-post","status-publish","format-standard","hentry","category-newsy","category-gminny-osrodek-kultury","category-kultura-rozrywka-edukacja","tag-dozynki-gminno-parafialne-2020-w-sadownem","tag-gminny-osrodek-kultury-w-sadownem"],"views":2428,"_links":{"self":[{"href":"https:\/\/info.sadowne.pl\/index.php?rest_route=\/wp\/v2\/posts\/23587","targetHints":{"allow":["GET"]}}],"collection":[{"href":"https:\/\/info.sadowne.pl\/index.php?rest_route=\/wp\/v2\/posts"}],"about":[{"href":"https:\/\/info.sadowne.pl\/index.php?rest_route=\/wp\/v2\/types\/post"}],"author":[{"embeddable":true,"href":"https:\/\/info.sadowne.pl\/index.php?rest_route=\/wp\/v2\/users\/1"}],"replies":[{"embeddable":true,"href":"https:\/\/info.sadowne.pl\/index.php?rest_route=%2Fwp%2Fv2%2Fcomments&post=23587"}],"version-history":[{"count":1,"href":"https:\/\/info.sadowne.pl\/index.php?rest_route=\/wp\/v2\/posts\/23587\/revisions"}],"predecessor-version":[{"id":23589,"href":"https:\/\/info.sadowne.pl\/index.php?rest_route=\/wp\/v2\/posts\/23587\/revisions\/23589"}],"wp:attachment":[{"href":"https:\/\/info.sadowne.pl\/index.php?rest_route=%2Fwp%2Fv2%2Fmedia&parent=23587"}],"wp:term":[{"taxonomy":"category","embeddable":true,"href":"https:\/\/info.sadowne.pl\/index.php?rest_route=%2Fwp%2Fv2%2Fcategories&post=23587"},{"taxonomy":"post_tag","embeddable":true,"href":"https:\/\/info.sadowne.pl\/index.php?rest_route=%2Fwp%2Fv2%2Ftags&post=23587"}],"curies":[{"name":"wp","href":"https:\/\/api.w.org\/{rel}","templated":true}]}}