{"id":23590,"date":"2020-07-20T20:22:02","date_gmt":"2020-07-20T18:22:02","guid":{"rendered":"http:\/\/info.sadowne.pl\/?p=23590"},"modified":"2020-07-20T20:22:02","modified_gmt":"2020-07-20T18:22:02","slug":"krzyz-epidemiczny-w-sadownem","status":"publish","type":"post","link":"https:\/\/info.sadowne.pl\/?p=23590","title":{"rendered":"Krzy\u017c epidemiczny w Sadownem"},"content":{"rendered":"<p><strong><a href=\"http:\/\/info.sadowne.pl\/wp-content\/uploads\/2020\/07\/2020.07.15.5.jpg\" target=\"_blank\" rel=\"noopener noreferrer\"><img loading=\"lazy\" decoding=\"async\" class=\"alignleft wp-image-23591 size-thumbnail\" src=\"http:\/\/info.sadowne.pl\/wp-content\/uploads\/2020\/07\/2020.07.15.5-180x130.jpg\" alt=\"\" width=\"180\" height=\"130\" \/><\/a>W niedziel\u0119 19 lipca w Sadownem w zwi\u0105zku z pandemi\u0105 koronawirusa zosta\u0142 po\u015bwi\u0119cony krzy\u017c epidemiczny.<\/strong><!--more--><\/p>\n<p>Tereny parafii Sadowne na pocz\u0105tku XIX wieku przej\u0105\u0142 hrabia Zamoyski, kt\u00f3ry na centrum swoich rozleg\u0142ych d\u00f3br wyznaczy\u0142 Ko\u0142odzi\u0105\u017c. W\u00f3wczas wytyczono i zbudowano prost\u0105 drog\u0119, omijaj\u0105c\u0105 miejscowo\u015bci wiod\u0105c\u0105 do parafialnego Sadownego. Z tego traktu korzystali pracownicy folwarku, mieszka\u0144cy okolicznych wiosek, gospodarze jad\u0105cy na swoje pola.<\/p>\n<p>Po utworzeniu kolei warszawsko-petersburskiej droga zmieni\u0142a nieco przebieg, jednak wci\u0105\u017c by\u0142a bardzo wa\u017cn\u0105 arteri\u0105. W\u0142a\u015bnie przy niej prawdopodobnie w 1920 roku, podczas og\u00f3lno\u015bwiatowej pandemii grypy hiszpanki, postawiono drewniany krzy\u017c. Stan\u0105\u0142 mniej wi\u0119cej w po\u0142owie drogi mi\u0119dzy Ko\u0142odzi\u0105\u017cem a Sadownem, przy torach kolejowych, w pobli\u017cu pierwszych zabudowa\u0144 Draku. Trudno dzi\u015b ustali\u0107, kto by\u0142 fundatorem, kto budowniczym i kto dokona\u0142 po\u015bwiecenia obiektu. Faktem jest, \u017ce istnia\u0142 w \u015bwiadomo\u015bci najstarszych mieszka\u0144c\u00f3w. Jest r\u00f3wnie\u017c przypuszczenie, \u017ce krzy\u017c m\u00f3g\u0142 by\u0107 postawiony jeszcze wcze\u015bniej, bo podczas epidemii cholery z po\u0142owy XIX wieku. Jednak stosunkowo dobry stan drewna wyklucza t\u0119 hipotez\u0119.<\/p>\n<p>Z biegiem czasu trakt prowadz\u0105cy od maj\u0105tku Zamoyskich do Sadownego traci\u0142 na znaczeniu. Po II wojnie \u015bwiatowej zlikwidowano dobra ko\u0142odzi\u0105\u017cskie. G\u0142\u00f3wna droga bieg\u0142a teraz przez wie\u015b Ko\u0142odzi\u0105\u017c i Sok\u00f3\u0142k\u0119. Ze starego traktu korzystali ju\u017c tylko nieliczni. Dawne pola i \u0142\u0105ki zacz\u0119\u0142y zarasta\u0107. Wok\u00f3\u0142 krzy\u017ca wyr\u00f3s\u0142 las, a droga, przy kt\u00f3rej sta\u0142, odsun\u0119\u0142a si\u0119 jeszcze bardziej od niego. To spowodowa\u0142o, \u017ce na d\u0142ugi czas krzy\u017c by\u0142 niemal ca\u0142kowicie niewidoczny i zapomniany. Podczas wielkiej wichury, latem 2011 roku przewr\u00f3ci\u0142 si\u0119. Le\u017ca\u0142 w le\u015bnej g\u0119stwinie kilka lat, do czasu remontu linii kolejowej. W\u00f3wczas zosta\u0142 wyci\u0119ty szeroki pas lasu przy nasypie kolejowym.<\/p>\n<p>Krzy\u017c szcz\u0119\u015bliwie ocala\u0142, a dzi\u0119ki wybudowaniu asfaltowej drogi technicznej, sta\u0142 si\u0119 widoczny dla przeje\u017cd\u017caj\u0105cych. W tym w\u0142a\u015bnie miejscu stan\u0105\u0142 metalowy obiekt przypominaj\u0105cy wydarzenia sprzed 100 laty i now\u0105 pandemi\u0119 \u2013 koronawirusa, z kt\u00f3r\u0105 aktualnie zmaga si\u0119 ludzko\u015b\u0107. Obok nowego krzy\u017ca le\u017cy potraktowany z szacunkiem stary krzy\u017c wykonany przed wiekiem przez \u00f3wczesnego nieznanego stolarza. Miejsce opatrzone jest tablic\u0105 upami\u0119tniaj\u0105c\u0105 zaistnia\u0142e choroby.<\/p>\n<p>W niedzielny wiecz\u00f3r 19 lipca przy krzy\u017cu epidemicznym zgromadzili si\u0119 mieszka\u0144cy Sadownego i Sok\u00f3\u0142ki. Przyby\u0142 r\u00f3wnie\u017c ks. Antoni Kunicki, proboszcz parafii Sadowne. Tu z parafianami odm\u00f3wi\u0142 modlitw\u0119 i dokona\u0142 po\u015bwi\u0119cenia obiektu. Podzi\u0119kowa\u0142 r\u00f3wnie\u017c osobom, kt\u00f3re zaanga\u017cowa\u0142y si\u0119 w powstanie nowego krzy\u017ca oraz wszystkim przyby\u0142ym na uroczysto\u015b\u0107. Proboszcz zwr\u00f3ci\u0142 te\u017c uwag\u0119 na kamienie, kt\u00f3re znajduj\u0105 si\u0119 obok krzy\u017ca. Stwierdzi\u0142, \u017ce to w\u0142a\u015bnie one s\u0105 cz\u0119sto gwarantem zachowania pami\u0119ci. W tym miejscu przedstawiona zosta\u0142a zebranym historia krzy\u017ca i dawnego traktu z Ko\u0142odzi\u0105\u017ca do Sadownego. Zako\u0144czeniem modlitewnego spotkania by\u0142o wsp\u00f3lne od\u015bpiewanie Apelu Jasnog\u00f3rskiego i b\u0142ogos\u0142awie\u0144stwo.<\/p>\n<p><span style=\"color: #0000ff;\"><strong><a style=\"color: #0000ff;\" href=\"https:\/\/photos.app.goo.gl\/8KeNWuioZ3QZNTZF7\" target=\"_blank\" rel=\"noopener noreferrer\">Zdj\u0119cia w galerii Google&gt;&gt;&gt;<\/a><\/strong><\/span><\/p>\n<p><strong>Tekst:<\/strong> Ewa Jakubik<\/p>\n<p><strong>Foto:<\/strong> Ewa Jakubik\/Danuta Chyli\u0144ska<\/p>\n","protected":false},"excerpt":{"rendered":"<p>W niedziel\u0119 19 lipca w Sadownem w zwi\u0105zku z pandemi\u0105 koronawirusa zosta\u0142 po\u015bwi\u0119cony krzy\u017c epidemiczny.<\/p>\n","protected":false},"author":1,"featured_media":0,"comment_status":"closed","ping_status":"closed","sticky":false,"template":"","format":"standard","meta":{"footnotes":""},"categories":[5,1],"tags":[212,3388],"class_list":["post-23590","post","type-post","status-publish","format-standard","hentry","category-newsy","category-inne","tag-ewa-jakubik","tag-krzyz-epidemiczny-w-sadownem"],"views":2903,"_links":{"self":[{"href":"https:\/\/info.sadowne.pl\/index.php?rest_route=\/wp\/v2\/posts\/23590","targetHints":{"allow":["GET"]}}],"collection":[{"href":"https:\/\/info.sadowne.pl\/index.php?rest_route=\/wp\/v2\/posts"}],"about":[{"href":"https:\/\/info.sadowne.pl\/index.php?rest_route=\/wp\/v2\/types\/post"}],"author":[{"embeddable":true,"href":"https:\/\/info.sadowne.pl\/index.php?rest_route=\/wp\/v2\/users\/1"}],"replies":[{"embeddable":true,"href":"https:\/\/info.sadowne.pl\/index.php?rest_route=%2Fwp%2Fv2%2Fcomments&post=23590"}],"version-history":[{"count":1,"href":"https:\/\/info.sadowne.pl\/index.php?rest_route=\/wp\/v2\/posts\/23590\/revisions"}],"predecessor-version":[{"id":23592,"href":"https:\/\/info.sadowne.pl\/index.php?rest_route=\/wp\/v2\/posts\/23590\/revisions\/23592"}],"wp:attachment":[{"href":"https:\/\/info.sadowne.pl\/index.php?rest_route=%2Fwp%2Fv2%2Fmedia&parent=23590"}],"wp:term":[{"taxonomy":"category","embeddable":true,"href":"https:\/\/info.sadowne.pl\/index.php?rest_route=%2Fwp%2Fv2%2Fcategories&post=23590"},{"taxonomy":"post_tag","embeddable":true,"href":"https:\/\/info.sadowne.pl\/index.php?rest_route=%2Fwp%2Fv2%2Ftags&post=23590"}],"curies":[{"name":"wp","href":"https:\/\/api.w.org\/{rel}","templated":true}]}}