{"id":23594,"date":"2020-07-27T16:11:45","date_gmt":"2020-07-27T14:11:45","guid":{"rendered":"http:\/\/info.sadowne.pl\/?p=23594"},"modified":"2020-07-28T11:20:49","modified_gmt":"2020-07-28T09:20:49","slug":"rowerem-dla-jana-pawla-ii","status":"publish","type":"post","link":"https:\/\/info.sadowne.pl\/?p=23594","title":{"rendered":"Rowerem dla Jana Paw\u0142a II"},"content":{"rendered":"<p><strong><a href=\"http:\/\/info.sadowne.pl\/wp-content\/uploads\/2020\/07\/2020.07.27.1.jpg\" target=\"_blank\" rel=\"noopener noreferrer\"><img loading=\"lazy\" decoding=\"async\" class=\"alignleft wp-image-23595 size-thumbnail\" src=\"http:\/\/info.sadowne.pl\/wp-content\/uploads\/2020\/07\/2020.07.27.1-180x130.jpg\" alt=\"\" width=\"180\" height=\"130\" \/><\/a>Dla uczczenia 100. rocznicy urodzin \u015bw. Jana Paw\u0142a II Gminny O\u015brodek Kultury w Sadownem organizuje 150-kilometrowy rajd rowerowy. Zapraszamy wszystkich ch\u0119tnych!<\/strong><!--more--><\/p>\n<p>Rok papieski jest okazj\u0105 do oddania ho\u0142du Papie\u017cowi Polakowi \u2013 \u015bw. Janowi Paw\u0142owi II, ale w okresie pandemicznym nie jest wskazane organizowanie imprez w pomieszczeniach zamkni\u0119tych, natomiast w plenerze &#8211; jak najbardziej, st\u0105d pomys\u0142 i oficjalne og\u0142oszenie:<\/p>\n<p><strong><em>\u201eGminny O\u015brodek Kultury w Sadowne organizuje dwudniowy (1-2 sierpnia 2020 r.) rajd rowerowy maj\u0105cy na celu upowszechnienie rekreacji rowerowej, jednocze\u015bnie zadedykowanie tej akcji \u015bw. Janowi Paw\u0142owi II w 100. rocznic\u0119 Jego urodzin.<\/em><\/strong><\/p>\n<p><em>Pierwszego dnia wycieczki nast\u0105pi przejazd uczestnik\u00f3w busem do Bia\u0142owie\u017cy, a nast\u0119pnie pokonanie rowerami ok. 100-kilometrowej trasy do Ciechanowca. Tam, tego samego dnia lub nast\u0119pnego, zwiedzanie Skansenu i Muzeum Rolnictwa oraz nocleg. Drugiego dnia powr\u00f3t rowerami z Ciechanowca do Sadownego.<\/em><\/p>\n<p><em><strong>Informacje i zapisy w Gminnym O\u015brodku kultury w Sadownem do dnia 30 lipca br. \u2013 tel.: 502 086 989. Zapraszamy!\u201d<\/strong><\/em><\/p>\n","protected":false},"excerpt":{"rendered":"<p>Dla uczczenia 100. rocznicy urodzin \u015bw. Jana Paw\u0142a II Gminny O\u015brodek Kultury w Sadownem organizuje 150-kilometrowy rajd rowerowy. Zapraszamy wszystkich ch\u0119tnych!<\/p>\n","protected":false},"author":1,"featured_media":0,"comment_status":"closed","ping_status":"closed","sticky":false,"template":"","format":"standard","meta":{"footnotes":""},"categories":[5,91,6],"tags":[3389,169,2869],"class_list":["post-23594","post","type-post","status-publish","format-standard","hentry","category-newsy","category-gminny-osrodek-kultury","category-kultura-rozrywka-edukacja","tag-100-rocznica-urodzin-sw-jana-pawla-ii","tag-gminny-osrodek-kultury-w-sadownem","tag-rajd-rowerowy"],"views":2385,"_links":{"self":[{"href":"https:\/\/info.sadowne.pl\/index.php?rest_route=\/wp\/v2\/posts\/23594","targetHints":{"allow":["GET"]}}],"collection":[{"href":"https:\/\/info.sadowne.pl\/index.php?rest_route=\/wp\/v2\/posts"}],"about":[{"href":"https:\/\/info.sadowne.pl\/index.php?rest_route=\/wp\/v2\/types\/post"}],"author":[{"embeddable":true,"href":"https:\/\/info.sadowne.pl\/index.php?rest_route=\/wp\/v2\/users\/1"}],"replies":[{"embeddable":true,"href":"https:\/\/info.sadowne.pl\/index.php?rest_route=%2Fwp%2Fv2%2Fcomments&post=23594"}],"version-history":[{"count":3,"href":"https:\/\/info.sadowne.pl\/index.php?rest_route=\/wp\/v2\/posts\/23594\/revisions"}],"predecessor-version":[{"id":23598,"href":"https:\/\/info.sadowne.pl\/index.php?rest_route=\/wp\/v2\/posts\/23594\/revisions\/23598"}],"wp:attachment":[{"href":"https:\/\/info.sadowne.pl\/index.php?rest_route=%2Fwp%2Fv2%2Fmedia&parent=23594"}],"wp:term":[{"taxonomy":"category","embeddable":true,"href":"https:\/\/info.sadowne.pl\/index.php?rest_route=%2Fwp%2Fv2%2Fcategories&post=23594"},{"taxonomy":"post_tag","embeddable":true,"href":"https:\/\/info.sadowne.pl\/index.php?rest_route=%2Fwp%2Fv2%2Ftags&post=23594"}],"curies":[{"name":"wp","href":"https:\/\/api.w.org\/{rel}","templated":true}]}}